{"id":180852,"date":"2020-07-28T08:56:42","date_gmt":"2020-07-28T11:56:42","guid":{"rendered":"https:\/\/www.caririemacao.com\/1\/?p=180852"},"modified":"2020-07-28T08:56:42","modified_gmt":"2020-07-28T11:56:42","slug":"treze-faz-classico-decisivo-contra-rival-campinense-com-transmissao-da-tv-itarare","status":"publish","type":"post","link":"https:\/\/www.caririemacao.com\/1\/2020\/07\/28\/treze-faz-classico-decisivo-contra-rival-campinense-com-transmissao-da-tv-itarare\/","title":{"rendered":"Treze faz cl\u00e1ssico decisivo contra rival Campinense com transmiss\u00e3o da TV Itarar\u00e9"},"content":{"rendered":"\n<h1 class=\"wp-block-heading\"><\/h1>\n\n\n\n<p>Treze e Campinense revivem, nesta ter\u00e7a-feira, mais um Cl\u00e1ssico dos Maiorais da hist\u00f3ria do futebol paraibano. O confronto, que acontece \u00e0s 20h15, no Est\u00e1dio Amig\u00e3o, ter\u00e1 transmiss\u00e3o da TV Itarar\u00e9, afiliada da TV Cultura, em Campina Grande.<\/p>\n\n\n\n<p>O cl\u00e1ssico, v\u00e1lido pela \u00faltima rodada da fase de classifica\u00e7\u00e3o do Estadual, promete. J\u00e1 garantida por antecipada no mata-mata, a Raposa joga toda responsabilidade para o rival.<\/p>\n\n\n\n<p>\u00c9 que sob a sombra do Botafogo-PB, o Galo precisa vencer para chegar \u00e0s semifinais, pois est\u00e1 na vice-lideran\u00e7a do Grupo A, com 17 pontos.<\/p>\n\n\n\n<p>Caso empate, a\u00ed precisa torcer para o Botafogo-PB n\u00e3o vencer o CSP ou para o Atl\u00e9tico-PB perder por pelo cinco gols de diferen\u00e7a para o Sousa. E, se perder, ainda pode avan\u00e7ar, desde que o Botafogo-PB tamb\u00e9m perca.<\/p>\n\n\n\n<p>No Campinense, j\u00e1 classificado por antecipa\u00e7\u00e3o, a principal novidade estar\u00e1 na orla do gramado. O Nei J\u00fanior, foi contratado ap\u00f3s a vit\u00f3ria sobre Atl\u00e9tico e espera iniciar bem sua jornada visando a fase final.<\/p>\n\n\n\n<p>Quanto ao time raposeiro, o meia Juliano, deve voltar ao time titular. Outro que pode come\u00e7ar a partida \u00e9 o meia Bismarck, que j\u00e1 est\u00e1 regularizado.<\/p>\n\n\n\n<p>O desfalque fica por conta do artilheiro Rafael Ibiapino, que vai cumprir suspens\u00e3o por ter recebido o terceiro cart\u00e3o amarelo.<\/p>\n\n\n\n<p>Pelo lado do Alvinegro, o treinador Moacir J\u00fanior vai contar com o retorno do lateral-direito Gustavo, que cumpriu suspens\u00e3o autom\u00e1tica contra o Nacional de Patos.<\/p>\n","protected":false},"excerpt":{"rendered":"<p>Treze e Campinense revivem, nesta ter\u00e7a-feira, mais um Cl\u00e1ssico dos Maiorais da hist\u00f3ria do futebol paraibano. O confronto, que acontece \u00e0s 20h15, no Est\u00e1dio Amig\u00e3o,&hellip; <\/p>\n","protected":false},"author":2,"featured_media":180853,"comment_status":"closed","ping_status":"closed","sticky":false,"template":"","format":"standard","meta":{"sfsi_plus_gutenberg_text_before_share":"","sfsi_plus_gutenberg_show_text_before_share":"","sfsi_plus_gutenberg_icon_type":"","sfsi_plus_gutenberg_icon_alignemt":"","sfsi_plus_gutenburg_max_per_row":"","footnotes":""},"categories":[13],"tags":[],"class_list":["post-180852","post","type-post","status-publish","format-standard","has-post-thumbnail","hentry","category-esportes"],"_links":{"self":[{"href":"https:\/\/www.caririemacao.com\/1\/wp-json\/wp\/v2\/posts\/180852","targetHints":{"allow":["GET"]}}],"collection":[{"href":"https:\/\/www.caririemacao.com\/1\/wp-json\/wp\/v2\/posts"}],"about":[{"href":"https:\/\/www.caririemacao.com\/1\/wp-json\/wp\/v2\/types\/post"}],"author":[{"embeddable":true,"href":"https:\/\/www.caririemacao.com\/1\/wp-json\/wp\/v2\/users\/2"}],"replies":[{"embeddable":true,"href":"https:\/\/www.caririemacao.com\/1\/wp-json\/wp\/v2\/comments?post=180852"}],"version-history":[{"count":1,"href":"https:\/\/www.caririemacao.com\/1\/wp-json\/wp\/v2\/posts\/180852\/revisions"}],"predecessor-version":[{"id":180854,"href":"https:\/\/www.caririemacao.com\/1\/wp-json\/wp\/v2\/posts\/180852\/revisions\/180854"}],"wp:featuredmedia":[{"embeddable":true,"href":"https:\/\/www.caririemacao.com\/1\/wp-json\/wp\/v2\/media\/180853"}],"wp:attachment":[{"href":"https:\/\/www.caririemacao.com\/1\/wp-json\/wp\/v2\/media?parent=180852"}],"wp:term":[{"taxonomy":"category","embeddable":true,"href":"https:\/\/www.caririemacao.com\/1\/wp-json\/wp\/v2\/categories?post=180852"},{"taxonomy":"post_tag","embeddable":true,"href":"https:\/\/www.caririemacao.com\/1\/wp-json\/wp\/v2\/tags?post=180852"}],"curies":[{"name":"wp","href":"https:\/\/api.w.org\/{rel}","templated":true}]}}