{"id":180856,"date":"2020-07-28T09:00:08","date_gmt":"2020-07-28T12:00:08","guid":{"rendered":"https:\/\/www.caririemacao.com\/1\/?p=180856"},"modified":"2020-07-28T09:00:08","modified_gmt":"2020-07-28T12:00:08","slug":"previsao-do-tempo-para-esta-terca-feira-em-toda-paraiba-25","status":"publish","type":"post","link":"https:\/\/www.caririemacao.com\/1\/2020\/07\/28\/previsao-do-tempo-para-esta-terca-feira-em-toda-paraiba-25\/","title":{"rendered":"Previs\u00e3o do tempo para esta ter\u00e7a-feira em toda Para\u00edba"},"content":{"rendered":"\n<h1 class=\"wp-block-heading\"><\/h1>\n\n\n\n<p>A intensifica\u00e7\u00e3o dos ventos que se deslocam do oceano em dire\u00e7\u00e3o ao continente favorecem a forma\u00e7\u00e3o de nuvens no setor leste da Para\u00edba. Com isso, dever\u00e3o ocorrer chuvas nas regi\u00f5es do Litoral e Brejo e em \u00e1reas localizadas do Agreste. Nas demais regi\u00f5es do estado, o tempo dever\u00e1 permanecer parcialmente nublado.<\/p>\n\n\n\n<div class=\"wp-block-image\"><figure class=\"aligncenter\"><img decoding=\"async\" data-src=\"https:\/\/paraibaonline.com.br\/wp-content\/uploads\/2020\/07\/tempo2807.jpg\" alt=\"\" class=\"wp-image-916496 lazyload\" src=\"data:image\/svg+xml;base64,PHN2ZyB3aWR0aD0iMSIgaGVpZ2h0PSIxIiB4bWxucz0iaHR0cDovL3d3dy53My5vcmcvMjAwMC9zdmciPjwvc3ZnPg==\" \/><\/figure><\/div>\n\n\n\n<p>*Fonte: Aesa<\/p>\n","protected":false},"excerpt":{"rendered":"<p>A intensifica\u00e7\u00e3o dos ventos que se deslocam do oceano em dire\u00e7\u00e3o ao continente favorecem a forma\u00e7\u00e3o de nuvens no setor leste da Para\u00edba. Com isso,&hellip; <\/p>\n","protected":false},"author":2,"featured_media":165993,"comment_status":"closed","ping_status":"closed","sticky":false,"template":"","format":"standard","meta":{"sfsi_plus_gutenberg_text_before_share":"","sfsi_plus_gutenberg_show_text_before_share":"","sfsi_plus_gutenberg_icon_type":"","sfsi_plus_gutenberg_icon_alignemt":"","sfsi_plus_gutenburg_max_per_row":"","footnotes":""},"categories":[13],"tags":[],"class_list":["post-180856","post","type-post","status-publish","format-standard","has-post-thumbnail","hentry","category-esportes"],"_links":{"self":[{"href":"https:\/\/www.caririemacao.com\/1\/wp-json\/wp\/v2\/posts\/180856","targetHints":{"allow":["GET"]}}],"collection":[{"href":"https:\/\/www.caririemacao.com\/1\/wp-json\/wp\/v2\/posts"}],"about":[{"href":"https:\/\/www.caririemacao.com\/1\/wp-json\/wp\/v2\/types\/post"}],"author":[{"embeddable":true,"href":"https:\/\/www.caririemacao.com\/1\/wp-json\/wp\/v2\/users\/2"}],"replies":[{"embeddable":true,"href":"https:\/\/www.caririemacao.com\/1\/wp-json\/wp\/v2\/comments?post=180856"}],"version-history":[{"count":1,"href":"https:\/\/www.caririemacao.com\/1\/wp-json\/wp\/v2\/posts\/180856\/revisions"}],"predecessor-version":[{"id":180857,"href":"https:\/\/www.caririemacao.com\/1\/wp-json\/wp\/v2\/posts\/180856\/revisions\/180857"}],"wp:featuredmedia":[{"embeddable":true,"href":"https:\/\/www.caririemacao.com\/1\/wp-json\/wp\/v2\/media\/165993"}],"wp:attachment":[{"href":"https:\/\/www.caririemacao.com\/1\/wp-json\/wp\/v2\/media?parent=180856"}],"wp:term":[{"taxonomy":"category","embeddable":true,"href":"https:\/\/www.caririemacao.com\/1\/wp-json\/wp\/v2\/categories?post=180856"},{"taxonomy":"post_tag","embeddable":true,"href":"https:\/\/www.caririemacao.com\/1\/wp-json\/wp\/v2\/tags?post=180856"}],"curies":[{"name":"wp","href":"https:\/\/api.w.org\/{rel}","templated":true}]}}