{"id":180859,"date":"2020-07-28T09:10:57","date_gmt":"2020-07-28T12:10:57","guid":{"rendered":"https:\/\/www.caririemacao.com\/1\/?p=180859"},"modified":"2020-07-28T09:10:57","modified_gmt":"2020-07-28T12:10:57","slug":"ufpb-publica-edital-para-concessao-de-60-bolsas-auxilio-creche","status":"publish","type":"post","link":"https:\/\/www.caririemacao.com\/1\/2020\/07\/28\/ufpb-publica-edital-para-concessao-de-60-bolsas-auxilio-creche\/","title":{"rendered":"UFPB publica edital para concess\u00e3o de 60 bolsas aux\u00edlio creche"},"content":{"rendered":"\n<p>A Pr\u00f3-reitoria de Assist\u00eancia e Promo\u00e7\u00e3o ao Estudante (Prape) da Universidade Federal da Para\u00edba (UFPB) publicou o&nbsp;<a href=\"https:\/\/www.ufpb.br\/prape\/contents\/processo-seletivo\/outros-processos-seletivos\/edital-05-2020-selecao-para-o-auxilio-creche-2020\" target=\"_blank\" rel=\"noreferrer noopener\">edital&nbsp;<\/a>de sele\u00e7\u00e3o para a concess\u00e3o de 60 aux\u00edlios creche, no valor de R$ 250 cada. As inscri\u00e7\u00f5es ser\u00e3o realizadas de 1\u00ba a 12 de agosto, exclusivamente pelo Sistema Integrado de Gest\u00e3o de Atividades Acad\u00eamicas (Sigaa).<\/p>\n\n\n\n<p>Segundo a UFPB, o aux\u00edlio creche trata-se de uma ajuda de custo para creche ou cuidador particular ao aluno com filho com mais de seis meses e menor de quatro anos de idade.<\/p>\n\n\n\n<p>Os estudantes dos quatro campi da UFPB ser\u00e3o selecionados conforme as bases legais do Decreto n\u00ba 7.234 de 19\/07\/2010, que disp\u00f5e sobre o Programa Nacional de Assist\u00eancia Estudantil (PNAES) do Minist\u00e9rio da Educa\u00e7\u00e3o (MEC), e as normas constantes no edital.<\/p>\n\n\n\n<p>A classifica\u00e7\u00e3o ocorrer\u00e1 de acordo com pontua\u00e7\u00e3o recebida ap\u00f3s an\u00e1lise socioecon\u00f4mica, fundamentada nos indicadores de vulnerabilidade socioecon\u00f4mica constantes no edital.<\/p>\n\n\n\n<p>J\u00e1 o resultado final, ap\u00f3s todas as etapas e per\u00edodos para recursos, ser\u00e1 divulgado em 21 de outubro. A assinatura do termo de compromisso ser\u00e1 realizada de 22 a 30 de outubro.<\/p>\n\n\n\n<p>Conforme a universidade, os pagamentos ser\u00e3o depositados at\u00e9 o 10\u00ba dia \u00fatil de cada m\u00eas, em conta corrente do estudante e s\u00e3o referentes ao m\u00eas vigente da data do recebimento, mediante disponibilidade or\u00e7ament\u00e1ria do MEC\/UFPB.<\/p>\n\n\n\n<p>No dia 9 de julho, a UFPB reajustou os valores de aux\u00edlios estudantis. A medida, com o objetivo de ampliar as condi\u00e7\u00f5es de perman\u00eancia de mais de 4 mil estudantes na federal paraibana, contemplou os aux\u00edlios alimenta\u00e7\u00e3o, moradia e resid\u00eancia universit\u00e1ria.<\/p>\n\n\n\n<p>Os procedimentos para inscri\u00e7\u00e3o e acompanhamento da sele\u00e7\u00e3o, documenta\u00e7\u00e3o exigida, requisitos para ingresso e perman\u00eancia e demais informa\u00e7\u00f5es est\u00e3o dispon\u00edveis no&nbsp;<a href=\"https:\/\/www.ufpb.br\/prape\/contents\/processo-seletivo\/outros-processos-seletivos\/edital-05-2020-selecao-para-o-auxilio-creche-2020\" target=\"_blank\" rel=\"noreferrer noopener\">edital<\/a>.<\/p>\n\n\n\n<p>A UFPB disponibilizou e-mails para tirar d\u00favidas sobre o processo seletivo:<\/p>\n\n\n\n<ul class=\"wp-block-list\"><li>Para estudantes do campus I (Jo\u00e3o Pessoa): servsocial@prape.ufpb.br.<\/li><li>Para estudantes do campus II (Areia): camops.ufpb@gmail.com.<\/li><li>Para estudantes do campus III (Bananeiras): nae@cchsa.ufpb.br.<\/li><li>Para estudantes do campus IV (Rio Tinto e Mamanguape): joacil@ccae.ufpb.br.<\/li><\/ul>\n\n\n\n<p>COM G1<\/p>\n","protected":false},"excerpt":{"rendered":"<p>A Pr\u00f3-reitoria de Assist\u00eancia e Promo\u00e7\u00e3o ao Estudante (Prape) da Universidade Federal da Para\u00edba (UFPB) publicou o&nbsp;edital&nbsp;de sele\u00e7\u00e3o para a concess\u00e3o de 60 aux\u00edlios creche,&hellip; <\/p>\n","protected":false},"author":1,"featured_media":180871,"comment_status":"closed","ping_status":"closed","sticky":false,"template":"","format":"standard","meta":{"sfsi_plus_gutenberg_text_before_share":"","sfsi_plus_gutenberg_show_text_before_share":"","sfsi_plus_gutenberg_icon_type":"","sfsi_plus_gutenberg_icon_alignemt":"","sfsi_plus_gutenburg_max_per_row":"","footnotes":""},"categories":[50,14],"tags":[],"class_list":["post-180859","post","type-post","status-publish","format-standard","has-post-thumbnail","hentry","category-destaque","category-educacao"],"_links":{"self":[{"href":"https:\/\/www.caririemacao.com\/1\/wp-json\/wp\/v2\/posts\/180859","targetHints":{"allow":["GET"]}}],"collection":[{"href":"https:\/\/www.caririemacao.com\/1\/wp-json\/wp\/v2\/posts"}],"about":[{"href":"https:\/\/www.caririemacao.com\/1\/wp-json\/wp\/v2\/types\/post"}],"author":[{"embeddable":true,"href":"https:\/\/www.caririemacao.com\/1\/wp-json\/wp\/v2\/users\/1"}],"replies":[{"embeddable":true,"href":"https:\/\/www.caririemacao.com\/1\/wp-json\/wp\/v2\/comments?post=180859"}],"version-history":[{"count":1,"href":"https:\/\/www.caririemacao.com\/1\/wp-json\/wp\/v2\/posts\/180859\/revisions"}],"predecessor-version":[{"id":180872,"href":"https:\/\/www.caririemacao.com\/1\/wp-json\/wp\/v2\/posts\/180859\/revisions\/180872"}],"wp:featuredmedia":[{"embeddable":true,"href":"https:\/\/www.caririemacao.com\/1\/wp-json\/wp\/v2\/media\/180871"}],"wp:attachment":[{"href":"https:\/\/www.caririemacao.com\/1\/wp-json\/wp\/v2\/media?parent=180859"}],"wp:term":[{"taxonomy":"category","embeddable":true,"href":"https:\/\/www.caririemacao.com\/1\/wp-json\/wp\/v2\/categories?post=180859"},{"taxonomy":"post_tag","embeddable":true,"href":"https:\/\/www.caririemacao.com\/1\/wp-json\/wp\/v2\/tags?post=180859"}],"curies":[{"name":"wp","href":"https:\/\/api.w.org\/{rel}","templated":true}]}}