{"id":180860,"date":"2020-07-28T09:04:01","date_gmt":"2020-07-28T12:04:01","guid":{"rendered":"https:\/\/www.caririemacao.com\/1\/?p=180860"},"modified":"2020-07-28T09:04:01","modified_gmt":"2020-07-28T12:04:01","slug":"paroquias-do-cariri-recebem-novos-padres-esta-semana","status":"publish","type":"post","link":"https:\/\/www.caririemacao.com\/1\/2020\/07\/28\/paroquias-do-cariri-recebem-novos-padres-esta-semana\/","title":{"rendered":"Par\u00f3quias do Cariri recebem novos padres esta semana"},"content":{"rendered":"\n<h1 class=\"wp-block-heading\"><\/h1>\n\n\n\n<p>Em meio \u00e0 pandemia, a Igreja vive novas fases de readapta\u00e7\u00e3o, o chamado novo normal que traz aspectos diferentes, mas necess\u00e1rios, tais como, templos com a capacidade reduzida, o distanciamento social, e outras medidas de preven\u00e7\u00e3o contra o coronav\u00edrus, e nessa fase, a vida e miss\u00e3o da igreja seguem com sua nova din\u00e2mica.<\/p>\n\n\n\n<p><a href=\"https:\/\/diocesecg.org\/carta-circular-003-2020-nomeacoes\/\">A Carta Circular 003,<\/a>&nbsp;do dia 17 de mar\u00e7o tratou de nomea\u00e7\u00f5es e transfer\u00eancias, mas com a pandemia ficaram invi\u00e1veis as mudan\u00e7as. Com essa reabertura gradual, a Igreja Diocesana reservou o final deste m\u00eas de Julho para as transfer\u00eancias serem realizadas.<\/p>\n\n\n\n<p>Desde o dia 21, as comunidades paroquiais j\u00e1 come\u00e7aram a acolher seus novos padres, a saber, o Padre Dorivaldo de Souza que assumiu a \u00c1rea Pastoral do Sagrado Cora\u00e7\u00e3o de Jesus e Santo Andr\u00e9, na cidade de Santo Andr\u00e9, o Padre tamb\u00e9m continua desempenhando sua fun\u00e7\u00e3o como P\u00e1roco na cidade de Gurj\u00e3o.<\/p>\n\n\n\n<p>Nesta segunda (27), Padre Manoel Cristino ser\u00e1 apresentado como Administrador Paroquial da Par\u00f3quia de Nossa Senhora das Dores, em S\u00e3o Jos\u00e9 dos Cordeiros. A celebra\u00e7\u00e3o eucar\u00edstica acontecer\u00e1 na Matriz da cidade de Cordeiros \u00e0s 19h30. O mesmo Padre, Manoel Cristino ser\u00e1 apresentado tamb\u00e9m como administrador paroquial da Par\u00f3quia de S\u00e3o Jos\u00e9, em Parari, no dia 30.<\/p>\n\n\n\n<p>No dia 28, \u00e9 a vez da Par\u00f3quia Nossa Senhora da Concei\u00e7\u00e3o, em Serra Branca, receber o Padre Joselito Ferreira da Silva, como P\u00e1roco. A Celebra\u00e7\u00e3o acontece na Igreja Matriz \u00e0s 19h30. No dia seguinte, 29, o Padre Francisco Evaristo Barbosa Filho que estava em Serra Branca, ser\u00e1 acolhido na Igreja Matriz de Nossa Senhora da Guia, em Queimadas, onde exercer\u00e1 seu paroquiato, com celebra\u00e7\u00e3o \u00e0s 19h30.<\/p>\n","protected":false},"excerpt":{"rendered":"<p>Em meio \u00e0 pandemia, a Igreja vive novas fases de readapta\u00e7\u00e3o, o chamado novo normal que traz aspectos diferentes, mas necess\u00e1rios, tais como, templos com&hellip; <\/p>\n","protected":false},"author":2,"featured_media":180861,"comment_status":"closed","ping_status":"closed","sticky":false,"template":"","format":"standard","meta":{"sfsi_plus_gutenberg_text_before_share":"","sfsi_plus_gutenberg_show_text_before_share":"","sfsi_plus_gutenberg_icon_type":"","sfsi_plus_gutenberg_icon_alignemt":"","sfsi_plus_gutenburg_max_per_row":"","footnotes":""},"categories":[2],"tags":[],"class_list":["post-180860","post","type-post","status-publish","format-standard","has-post-thumbnail","hentry","category-geral"],"_links":{"self":[{"href":"https:\/\/www.caririemacao.com\/1\/wp-json\/wp\/v2\/posts\/180860","targetHints":{"allow":["GET"]}}],"collection":[{"href":"https:\/\/www.caririemacao.com\/1\/wp-json\/wp\/v2\/posts"}],"about":[{"href":"https:\/\/www.caririemacao.com\/1\/wp-json\/wp\/v2\/types\/post"}],"author":[{"embeddable":true,"href":"https:\/\/www.caririemacao.com\/1\/wp-json\/wp\/v2\/users\/2"}],"replies":[{"embeddable":true,"href":"https:\/\/www.caririemacao.com\/1\/wp-json\/wp\/v2\/comments?post=180860"}],"version-history":[{"count":1,"href":"https:\/\/www.caririemacao.com\/1\/wp-json\/wp\/v2\/posts\/180860\/revisions"}],"predecessor-version":[{"id":180863,"href":"https:\/\/www.caririemacao.com\/1\/wp-json\/wp\/v2\/posts\/180860\/revisions\/180863"}],"wp:featuredmedia":[{"embeddable":true,"href":"https:\/\/www.caririemacao.com\/1\/wp-json\/wp\/v2\/media\/180861"}],"wp:attachment":[{"href":"https:\/\/www.caririemacao.com\/1\/wp-json\/wp\/v2\/media?parent=180860"}],"wp:term":[{"taxonomy":"category","embeddable":true,"href":"https:\/\/www.caririemacao.com\/1\/wp-json\/wp\/v2\/categories?post=180860"},{"taxonomy":"post_tag","embeddable":true,"href":"https:\/\/www.caririemacao.com\/1\/wp-json\/wp\/v2\/tags?post=180860"}],"curies":[{"name":"wp","href":"https:\/\/api.w.org\/{rel}","templated":true}]}}