{"id":180862,"date":"2020-07-28T09:08:01","date_gmt":"2020-07-28T12:08:01","guid":{"rendered":"https:\/\/www.caririemacao.com\/1\/?p=180862"},"modified":"2020-07-28T09:08:01","modified_gmt":"2020-07-28T12:08:01","slug":"secretario-chefe-do-governo-do-estado-e-exonerado-e-volta-para-alpb","status":"publish","type":"post","link":"https:\/\/www.caririemacao.com\/1\/2020\/07\/28\/secretario-chefe-do-governo-do-estado-e-exonerado-e-volta-para-alpb\/","title":{"rendered":"Secret\u00e1rio chefe do Governo do Estado \u00e9 exonerado e volta para ALPB"},"content":{"rendered":"\n<p>O secret\u00e1rio chefe do Governo do Estado Francisco Gomes de Ara\u00fajo J\u00fanior, conhecido como deputado J\u00fanior Ara\u00fajo (Avante), foi exonerado do cargo. A publica\u00e7\u00e3o saiu no\u00a0Di\u00e1rio Oficial do Estado (DOE) desta ter\u00e7a-feira (28). O deputado estadual agora volta para a Assembleia Legislativa da Para\u00edba (ALPB) ap\u00f3s ficar seis meses na gest\u00e3o.<\/p>\n\n\n\n<p>Ele havia sa\u00eddo para a entrada do deputado An\u00edsio Maia (PT), que permanece na Casa para assumir a titularidade, ap\u00f3s a\u00a0morte do vice-presidente Genival Matias (Avante).<\/p>\n\n\n\n<p>Apesar da exonera\u00e7\u00e3o ter sido publicada, o governador da Para\u00edba, Jo\u00e3o Azev\u00eado (Cidadania), n\u00e3o publicou que deve ocupar o cargo de secret\u00e1rio chefe a partir de agora.<\/p>\n\n\n\n<p>COM G1<\/p>\n","protected":false},"excerpt":{"rendered":"<p>O secret\u00e1rio chefe do Governo do Estado Francisco Gomes de Ara\u00fajo J\u00fanior, conhecido como deputado J\u00fanior Ara\u00fajo (Avante), foi exonerado do cargo. A publica\u00e7\u00e3o saiu&hellip; <\/p>\n","protected":false},"author":1,"featured_media":180868,"comment_status":"closed","ping_status":"closed","sticky":false,"template":"","format":"standard","meta":{"sfsi_plus_gutenberg_text_before_share":"","sfsi_plus_gutenberg_show_text_before_share":"","sfsi_plus_gutenberg_icon_type":"","sfsi_plus_gutenberg_icon_alignemt":"","sfsi_plus_gutenburg_max_per_row":"","footnotes":""},"categories":[11],"tags":[],"class_list":["post-180862","post","type-post","status-publish","format-standard","has-post-thumbnail","hentry","category-politica"],"_links":{"self":[{"href":"https:\/\/www.caririemacao.com\/1\/wp-json\/wp\/v2\/posts\/180862","targetHints":{"allow":["GET"]}}],"collection":[{"href":"https:\/\/www.caririemacao.com\/1\/wp-json\/wp\/v2\/posts"}],"about":[{"href":"https:\/\/www.caririemacao.com\/1\/wp-json\/wp\/v2\/types\/post"}],"author":[{"embeddable":true,"href":"https:\/\/www.caririemacao.com\/1\/wp-json\/wp\/v2\/users\/1"}],"replies":[{"embeddable":true,"href":"https:\/\/www.caririemacao.com\/1\/wp-json\/wp\/v2\/comments?post=180862"}],"version-history":[{"count":1,"href":"https:\/\/www.caririemacao.com\/1\/wp-json\/wp\/v2\/posts\/180862\/revisions"}],"predecessor-version":[{"id":180869,"href":"https:\/\/www.caririemacao.com\/1\/wp-json\/wp\/v2\/posts\/180862\/revisions\/180869"}],"wp:featuredmedia":[{"embeddable":true,"href":"https:\/\/www.caririemacao.com\/1\/wp-json\/wp\/v2\/media\/180868"}],"wp:attachment":[{"href":"https:\/\/www.caririemacao.com\/1\/wp-json\/wp\/v2\/media?parent=180862"}],"wp:term":[{"taxonomy":"category","embeddable":true,"href":"https:\/\/www.caririemacao.com\/1\/wp-json\/wp\/v2\/categories?post=180862"},{"taxonomy":"post_tag","embeddable":true,"href":"https:\/\/www.caririemacao.com\/1\/wp-json\/wp\/v2\/tags?post=180862"}],"curies":[{"name":"wp","href":"https:\/\/api.w.org\/{rel}","templated":true}]}}