{"id":180865,"date":"2020-07-28T09:07:04","date_gmt":"2020-07-28T12:07:04","guid":{"rendered":"https:\/\/www.caririemacao.com\/1\/?p=180865"},"modified":"2020-07-28T09:07:04","modified_gmt":"2020-07-28T12:07:04","slug":"detran-retoma-parte-de-atendimentos-presenciais-em-unidades-na-pb-veja-cidades","status":"publish","type":"post","link":"https:\/\/www.caririemacao.com\/1\/2020\/07\/28\/detran-retoma-parte-de-atendimentos-presenciais-em-unidades-na-pb-veja-cidades\/","title":{"rendered":"Detran retoma parte de atendimentos presenciais em unidades na PB; veja cidades"},"content":{"rendered":"\n<p>A partir desta ter\u00e7a-feira (28), alguns postos do Departamento Estadual de Tr\u00e2nsito (Detran-PB) v\u00e3o reiniciar o atendimento presencial, ap\u00f3s agendamento no\u00a0site do \u00f3rg\u00e3o. A abertura de processos para servi\u00e7os relacionados a ve\u00edculos poder\u00e1 ser retomada em parte das unidades, com exce\u00e7\u00e3o das que funcionam nas Casas da Cidadania.<\/p>\n\n\n\n<p>Nesta etapa de reabertura dos postos, ser\u00e3o agendados os servi\u00e7os de transfer\u00eancia de propriedade de ve\u00edculos e vistorias em caminh\u00f5es, al\u00e9m de segunda via do Certificado de Registro de Ve\u00edculos (CRV), mudan\u00e7a de categoria e troca de placas.<\/p>\n\n\n\n<p>Ser\u00e3o reabertos os postos de tr\u00e2nsito nas seguintes cidades:<\/p>\n\n\n\n<ul class=\"wp-block-list\"><li>Alagoa Grande<\/li><li>Bananeiras<\/li><li>Bel\u00e9m<\/li><li>Brejo do Cruz<\/li><li>Coremas<\/li><li>Itapororoca<\/li><li>Jacara\u00fa<\/li><li>Lagoa de Dentro<\/li><li>Paulista<\/li><li>Pedras de Fogo<\/li><li>Rem\u00edgio<\/li><li>Rio Tinto<\/li><li>S\u00e3o Jo\u00e3o do Rio do Peixe<\/li><li>S\u00e3o Jos\u00e9 de Piranhas<\/li><li>Serra Branca<\/li><li>Soledade<\/li><li>Uira\u00fana e<\/li><li>Umbuzeiro<\/li><\/ul>\n\n\n\n<p>COM G1<\/p>\n","protected":false},"excerpt":{"rendered":"<p>A partir desta ter\u00e7a-feira (28), alguns postos do Departamento Estadual de Tr\u00e2nsito (Detran-PB) v\u00e3o reiniciar o atendimento presencial, ap\u00f3s agendamento no\u00a0site do \u00f3rg\u00e3o. A abertura&hellip; <\/p>\n","protected":false},"author":1,"featured_media":180866,"comment_status":"closed","ping_status":"closed","sticky":false,"template":"","format":"standard","meta":{"sfsi_plus_gutenberg_text_before_share":"","sfsi_plus_gutenberg_show_text_before_share":"","sfsi_plus_gutenberg_icon_type":"","sfsi_plus_gutenberg_icon_alignemt":"","sfsi_plus_gutenburg_max_per_row":"","footnotes":""},"categories":[2],"tags":[],"class_list":["post-180865","post","type-post","status-publish","format-standard","has-post-thumbnail","hentry","category-geral"],"_links":{"self":[{"href":"https:\/\/www.caririemacao.com\/1\/wp-json\/wp\/v2\/posts\/180865","targetHints":{"allow":["GET"]}}],"collection":[{"href":"https:\/\/www.caririemacao.com\/1\/wp-json\/wp\/v2\/posts"}],"about":[{"href":"https:\/\/www.caririemacao.com\/1\/wp-json\/wp\/v2\/types\/post"}],"author":[{"embeddable":true,"href":"https:\/\/www.caririemacao.com\/1\/wp-json\/wp\/v2\/users\/1"}],"replies":[{"embeddable":true,"href":"https:\/\/www.caririemacao.com\/1\/wp-json\/wp\/v2\/comments?post=180865"}],"version-history":[{"count":1,"href":"https:\/\/www.caririemacao.com\/1\/wp-json\/wp\/v2\/posts\/180865\/revisions"}],"predecessor-version":[{"id":180867,"href":"https:\/\/www.caririemacao.com\/1\/wp-json\/wp\/v2\/posts\/180865\/revisions\/180867"}],"wp:featuredmedia":[{"embeddable":true,"href":"https:\/\/www.caririemacao.com\/1\/wp-json\/wp\/v2\/media\/180866"}],"wp:attachment":[{"href":"https:\/\/www.caririemacao.com\/1\/wp-json\/wp\/v2\/media?parent=180865"}],"wp:term":[{"taxonomy":"category","embeddable":true,"href":"https:\/\/www.caririemacao.com\/1\/wp-json\/wp\/v2\/categories?post=180865"},{"taxonomy":"post_tag","embeddable":true,"href":"https:\/\/www.caririemacao.com\/1\/wp-json\/wp\/v2\/tags?post=180865"}],"curies":[{"name":"wp","href":"https:\/\/api.w.org\/{rel}","templated":true}]}}