{"id":180873,"date":"2020-07-28T09:14:36","date_gmt":"2020-07-28T12:14:36","guid":{"rendered":"https:\/\/www.caririemacao.com\/1\/?p=180873"},"modified":"2020-07-28T09:14:36","modified_gmt":"2020-07-28T12:14:36","slug":"duas-mulheres-e-uma-crianca-ficam-feridas-apos-acidente-em-sousa-no-sertao-da-paraiba","status":"publish","type":"post","link":"https:\/\/www.caririemacao.com\/1\/2020\/07\/28\/duas-mulheres-e-uma-crianca-ficam-feridas-apos-acidente-em-sousa-no-sertao-da-paraiba\/","title":{"rendered":"Duas mulheres e uma crian\u00e7a ficam feridas ap\u00f3s acidente em Sousa, no Sert\u00e3o da Para\u00edba"},"content":{"rendered":"\n<p>Duas mulheres e uma crian\u00e7a ficaram feridas ap\u00f3s um acidente na tarde de segunda-feira (27), em um trecho da BR-230, em Sousa, no Sert\u00e3o da Para\u00edba. De acordo com informa\u00e7\u00f5es repassadas por moradores \u00e0 TV Cabo Branco, as mulheres e a crian\u00e7a seguiam em uma moto quando bateram na traseira de um caminh\u00e3o.<\/p>\n\n\n\n<p>As tr\u00eas pessoas envolvidas no acidente eram da mesma fam\u00edlia, av\u00f3, filha e neto. Eles foram socorridos pelo Servi\u00e7o de Atendimento M\u00f3vel de Urg\u00eancia (Samu) e encaminhadas para o Hospital Regional de Sousa.<\/p>\n\n\n\n<p>De acordo com a unidade de sa\u00fade, uma das v\u00edtimas, a mulher de 21 anos, chegou ao hospital em estado grave e os dois outros pacientes, conscientes. O estado de sa\u00fade atual n\u00e3o foi divulgado.<\/p>\n\n\n\n<p>COM G1 PB<\/p>\n","protected":false},"excerpt":{"rendered":"<p>Duas mulheres e uma crian\u00e7a ficaram feridas ap\u00f3s um acidente na tarde de segunda-feira (27), em um trecho da BR-230, em Sousa, no Sert\u00e3o da&hellip; <\/p>\n","protected":false},"author":1,"featured_media":86443,"comment_status":"closed","ping_status":"closed","sticky":false,"template":"","format":"standard","meta":{"sfsi_plus_gutenberg_text_before_share":"","sfsi_plus_gutenberg_show_text_before_share":"","sfsi_plus_gutenberg_icon_type":"","sfsi_plus_gutenberg_icon_alignemt":"","sfsi_plus_gutenburg_max_per_row":"","footnotes":""},"categories":[2],"tags":[],"class_list":["post-180873","post","type-post","status-publish","format-standard","has-post-thumbnail","hentry","category-geral"],"_links":{"self":[{"href":"https:\/\/www.caririemacao.com\/1\/wp-json\/wp\/v2\/posts\/180873","targetHints":{"allow":["GET"]}}],"collection":[{"href":"https:\/\/www.caririemacao.com\/1\/wp-json\/wp\/v2\/posts"}],"about":[{"href":"https:\/\/www.caririemacao.com\/1\/wp-json\/wp\/v2\/types\/post"}],"author":[{"embeddable":true,"href":"https:\/\/www.caririemacao.com\/1\/wp-json\/wp\/v2\/users\/1"}],"replies":[{"embeddable":true,"href":"https:\/\/www.caririemacao.com\/1\/wp-json\/wp\/v2\/comments?post=180873"}],"version-history":[{"count":1,"href":"https:\/\/www.caririemacao.com\/1\/wp-json\/wp\/v2\/posts\/180873\/revisions"}],"predecessor-version":[{"id":180879,"href":"https:\/\/www.caririemacao.com\/1\/wp-json\/wp\/v2\/posts\/180873\/revisions\/180879"}],"wp:featuredmedia":[{"embeddable":true,"href":"https:\/\/www.caririemacao.com\/1\/wp-json\/wp\/v2\/media\/86443"}],"wp:attachment":[{"href":"https:\/\/www.caririemacao.com\/1\/wp-json\/wp\/v2\/media?parent=180873"}],"wp:term":[{"taxonomy":"category","embeddable":true,"href":"https:\/\/www.caririemacao.com\/1\/wp-json\/wp\/v2\/categories?post=180873"},{"taxonomy":"post_tag","embeddable":true,"href":"https:\/\/www.caririemacao.com\/1\/wp-json\/wp\/v2\/tags?post=180873"}],"curies":[{"name":"wp","href":"https:\/\/api.w.org\/{rel}","templated":true}]}}