{"id":180875,"date":"2020-07-28T10:49:03","date_gmt":"2020-07-28T13:49:03","guid":{"rendered":"https:\/\/www.caririemacao.com\/1\/?p=180875"},"modified":"2020-07-28T10:49:03","modified_gmt":"2020-07-28T13:49:03","slug":"diamantes-e-ouro-que-pertenciam-a-sergio-cabral-vao-a-leilao-pecas-estao-avaliadas-em-r-3-milhoes","status":"publish","type":"post","link":"https:\/\/www.caririemacao.com\/1\/2020\/07\/28\/diamantes-e-ouro-que-pertenciam-a-sergio-cabral-vao-a-leilao-pecas-estao-avaliadas-em-r-3-milhoes\/","title":{"rendered":"Diamantes e ouro que pertenciam a S\u00e9rgio Cabral v\u00e3o a leil\u00e3o; pe\u00e7as est\u00e3o avaliadas em R$ 3 milh\u00f5es"},"content":{"rendered":"\n<p>Um leil\u00e3o de joias que pertenciam ao ex-governador do Rio de Janeiro S\u00e9rgio Cabral foi marcado para esta quarta-feira (29). Est\u00e3o \u00e0 venda 20 lotes, que somam pelo menos R$ 3 milh\u00f5es: 15 diamantes e cinco lingotes de ouro 24 quilates, o mais puro que existe.<\/p>\n\n\n\n<p>Os lances iniciais variam de R$ 52,6 mil a R$ 246,5 mil \u2014 respectivamente, uma pedra de diamante com 2,05 quilates e outra com 4,06 quilates.<\/p>\n\n\n\n<p>O preg\u00e3o foi autorizado pela Secretaria Nacional de Pol\u00edticas sobre Drogas do Minist\u00e9rio da Justi\u00e7a e Seguran\u00e7a P\u00fablica (Senad\/MJSP) e ser\u00e1 conduzido\u00a0on-line pela De Paula Leil\u00f5es.<\/p>\n\n\n\n<p>Diamantes que foram de S\u00e9rgio Cabral v\u00e3o a leil\u00e3o \u2014 Foto: Reprodu\u00e7\u00e3o<\/p>\n\n\n\n<h2 class=\"wp-block-heading\">Para onde vai o dinheiro<\/h2>\n\n\n\n<p>Se houver compradores, 40% do valor arrecadado com os lotes ser\u00e1 destinado para estruturar e equipar as for\u00e7as policiais respons\u00e1veis pela apreens\u00e3o das joias.<\/p>\n\n\n\n<p>O restante vai para o Fundo Nacional Antidrogas (Funad), que disp\u00f5e hoje de R$ 92 milh\u00f5es para financiar, entre outros, projetos e a\u00e7\u00f5es de preven\u00e7\u00e3o e de combate ao tr\u00e1fico de il\u00edcitos.<\/p>\n\n\n\n<p>Caso as pe\u00e7as n\u00e3o sejam arrematadas, um novo leil\u00e3o deve ocorrer no dia 20 de agosto.<\/p>\n\n\n\n<figure class=\"wp-block-image\"><img decoding=\"async\" data-src=\"https:\/\/s2.glbimg.com\/K01AsFq1FwK-xWfeO76iXYf9hOA=\/0x0:2286x1602\/1008x0\/smart\/filters:strip_icc()\/i.s3.glbimg.com\/v1\/AUTH_59edd422c0c84a879bd37670ae4f538a\/internal_photos\/bs\/2019\/q\/G\/aBDsNcTY2SBU6ZWF2aJA\/cabral-hoje.jpg\" alt=\"O ex-governador S\u00e9rgio Cabral \u00e9 conduzido pela PF no dia em que prestou novo depoimento e admitiu esquema de pagamento de propina \u2014 Foto: Wilton Junior\/Estad\u00e3o Conte\u00fado\" src=\"data:image\/svg+xml;base64,PHN2ZyB3aWR0aD0iMSIgaGVpZ2h0PSIxIiB4bWxucz0iaHR0cDovL3d3dy53My5vcmcvMjAwMC9zdmciPjwvc3ZnPg==\" class=\"lazyload\" \/><\/figure>\n\n\n\n<p>O ex-governador S\u00e9rgio Cabral \u00e9 conduzido pela PF no dia em que prestou novo depoimento e admitiu esquema de pagamento de propina \u2014 Foto: Wilton Junior\/Estad\u00e3o Conte\u00fado<\/p>\n\n\n\n<h2 class=\"wp-block-heading\">Toffoli arquiva inqu\u00e9ritos<\/h2>\n\n\n\n<p>Nesta segunda-feira (28), a pedido do procurador-geral da Rep\u00fablica, Augusto Aras, o presidente do Supremo Tribunal Federal, Dias Toffoli,\u00a0mandou arquivar tr\u00eas inqu\u00e9ritos abertos\u00a0com base no acordo de dela\u00e7\u00e3o premiada fechado pela Pol\u00edcia Federal com Cabral.<\/p>\n\n\n\n<p>Os inqu\u00e9ritos, que tramitam em sigilo no Supremo, t\u00eam como alvos ministros do Superior Tribunal de Justi\u00e7a e do Tribunal de Contas da Uni\u00e3o. A informa\u00e7\u00e3o \u00e9 do jornal \u2018O Globo\u2019.<\/p>\n\n\n\n<p>O ministro Edson Fachin tinha autorizado a abertura de 12 inqu\u00e9ritos em mar\u00e7o e repassado as investiga\u00e7\u00f5es para que Toffoli indicasse um novo relator. O presidente do STF acolheu a posi\u00e7\u00e3o de Augusto Aras. Segundo fontes, Aras n\u00e3o viu elementos na colabora\u00e7\u00e3o de Cabral que justifiquem as apura\u00e7\u00f5es.<\/p>\n\n\n\n<figure class=\"wp-block-image\"><img decoding=\"async\" data-src=\"https:\/\/s03.video.glbimg.com\/x240\/8731342.jpg\" alt=\"Minist\u00e9rio da Justi\u00e7a leiloa j\u00f3ias do ex-governador S\u00e9rgio Cabral\" title=\"Minist\u00e9rio da Justi\u00e7a leiloa j\u00f3ias do ex-governador S\u00e9rgio Cabral\" src=\"data:image\/svg+xml;base64,PHN2ZyB3aWR0aD0iMSIgaGVpZ2h0PSIxIiB4bWxucz0iaHR0cDovL3d3dy53My5vcmcvMjAwMC9zdmciPjwvc3ZnPg==\" class=\"lazyload\" \/><\/figure>\n\n\n\n<p>Minist\u00e9rio da Justi\u00e7a leiloa j\u00f3ias do ex-governador S\u00e9rgio Cabral<\/p>\n\n\n\n<h2 class=\"wp-block-heading\">Quase 300 anos de pris\u00e3o<\/h2>\n\n\n\n<p>Preso por corrup\u00e7\u00e3o desde o final de 2016, o ex-governador \u00e9 r\u00e9u em 31 a\u00e7\u00f5es penais e j\u00e1 foi condenado em 13 processos &#8212; o \u00faltimo em janeiro deste ano, na Opera\u00e7\u00e3o Fatura Exposta, que apurou o pagamento de propina na \u00e1rea da sa\u00fade.<\/p>\n\n\n\n<p>At\u00e9 agora, as penas de Cabral\u00a0somam 282 anos, 5 meses e 3 dias.<\/p>\n\n\n\n<p>COM G1<\/p>\n","protected":false},"excerpt":{"rendered":"<p>Um leil\u00e3o de joias que pertenciam ao ex-governador do Rio de Janeiro S\u00e9rgio Cabral foi marcado para esta quarta-feira (29). Est\u00e3o \u00e0 venda 20 lotes,&hellip; <\/p>\n","protected":false},"author":1,"featured_media":180896,"comment_status":"closed","ping_status":"closed","sticky":false,"template":"","format":"standard","meta":{"sfsi_plus_gutenberg_text_before_share":"","sfsi_plus_gutenberg_show_text_before_share":"","sfsi_plus_gutenberg_icon_type":"","sfsi_plus_gutenberg_icon_alignemt":"","sfsi_plus_gutenburg_max_per_row":"","footnotes":""},"categories":[12],"tags":[],"class_list":["post-180875","post","type-post","status-publish","format-standard","has-post-thumbnail","hentry","category-policia"],"_links":{"self":[{"href":"https:\/\/www.caririemacao.com\/1\/wp-json\/wp\/v2\/posts\/180875","targetHints":{"allow":["GET"]}}],"collection":[{"href":"https:\/\/www.caririemacao.com\/1\/wp-json\/wp\/v2\/posts"}],"about":[{"href":"https:\/\/www.caririemacao.com\/1\/wp-json\/wp\/v2\/types\/post"}],"author":[{"embeddable":true,"href":"https:\/\/www.caririemacao.com\/1\/wp-json\/wp\/v2\/users\/1"}],"replies":[{"embeddable":true,"href":"https:\/\/www.caririemacao.com\/1\/wp-json\/wp\/v2\/comments?post=180875"}],"version-history":[{"count":1,"href":"https:\/\/www.caririemacao.com\/1\/wp-json\/wp\/v2\/posts\/180875\/revisions"}],"predecessor-version":[{"id":180900,"href":"https:\/\/www.caririemacao.com\/1\/wp-json\/wp\/v2\/posts\/180875\/revisions\/180900"}],"wp:featuredmedia":[{"embeddable":true,"href":"https:\/\/www.caririemacao.com\/1\/wp-json\/wp\/v2\/media\/180896"}],"wp:attachment":[{"href":"https:\/\/www.caririemacao.com\/1\/wp-json\/wp\/v2\/media?parent=180875"}],"wp:term":[{"taxonomy":"category","embeddable":true,"href":"https:\/\/www.caririemacao.com\/1\/wp-json\/wp\/v2\/categories?post=180875"},{"taxonomy":"post_tag","embeddable":true,"href":"https:\/\/www.caririemacao.com\/1\/wp-json\/wp\/v2\/tags?post=180875"}],"curies":[{"name":"wp","href":"https:\/\/api.w.org\/{rel}","templated":true}]}}