{"id":180878,"date":"2020-07-28T10:48:55","date_gmt":"2020-07-28T13:48:55","guid":{"rendered":"https:\/\/www.caririemacao.com\/1\/?p=180878"},"modified":"2020-07-28T10:48:55","modified_gmt":"2020-07-28T13:48:55","slug":"metroviarios-de-sp-decidem-suspender-greve-estacoes-tem-lotacao-apos-atraso-na-abertura","status":"publish","type":"post","link":"https:\/\/www.caririemacao.com\/1\/2020\/07\/28\/metroviarios-de-sp-decidem-suspender-greve-estacoes-tem-lotacao-apos-atraso-na-abertura\/","title":{"rendered":"Metrovi\u00e1rios de SP decidem suspender greve; esta\u00e7\u00f5es t\u00eam lota\u00e7\u00e3o ap\u00f3s atraso na abertura"},"content":{"rendered":"\n<p>Os metrovi\u00e1rios de S\u00e3o Paulo decidiram, em assembleia extraordin\u00e1ria virtual realizada no in\u00edcio da madrugada desta ter\u00e7a-feira (28), suspender a\u00a0paralisa\u00e7\u00e3o marcada para 0h\u00a0desta ter\u00e7a-feira (28).<\/p>\n\n\n\n<p>Mesmo com a suspens\u00e3o da greve, as\u00a0esta\u00e7\u00f5es amanheceram fechada\u00a0porque funcion\u00e1rios do plant\u00e3o noturno n\u00e3o apareceram para trabalhar \u00e0s 23h.<\/p>\n\n\n\n<p>De acordo com o Sindicato dos Metrovi\u00e1rios, o governo do estado apresentou uma nova proposta no final da noite de segunda (27). A paralisa\u00e7\u00e3o havia sido anunciada ap\u00f3s cortes de 10% nos sal\u00e1rios dos empregados, divulgado na \u00faltima quinta (24) pela Metr\u00f4 paulista.<\/p>\n\n\n\n<figure class=\"wp-block-image\"><img decoding=\"async\" data-src=\"https:\/\/s2.glbimg.com\/F5QjYHsLgGCk638Xr_3VgPzVWL8=\/0x0:1280x960\/984x0\/smart\/filters:strip_icc()\/i.s3.glbimg.com\/v1\/AUTH_59edd422c0c84a879bd37670ae4f538a\/internal_photos\/bs\/2020\/H\/A\/c0B0NCSMWoUYw55iGhtQ\/whatsapp-image-2020-07-28-at-07.02.12.jpeg\" alt=\"Fila nas esta\u00e7\u00f5es de Metr\u00f4 em SP  \u2014 Foto: Guilherme Pimentel\/TV Globo\" src=\"data:image\/svg+xml;base64,PHN2ZyB3aWR0aD0iMSIgaGVpZ2h0PSIxIiB4bWxucz0iaHR0cDovL3d3dy53My5vcmcvMjAwMC9zdmciPjwvc3ZnPg==\" class=\"lazyload\" \/><\/figure>\n\n\n\n<p>Fila nas esta\u00e7\u00f5es de Metr\u00f4 em SP \u2014 Foto: Guilherme Pimentel\/TV Globo<\/p>\n\n\n\n<figure class=\"wp-block-image\"><img decoding=\"async\" data-src=\"https:\/\/s2.glbimg.com\/zYNXf9KKGf068Ox-8WmP_9fHr64=\/0x0:1280x960\/984x0\/smart\/filters:strip_icc()\/i.s3.glbimg.com\/v1\/AUTH_59edd422c0c84a879bd37670ae4f538a\/internal_photos\/bs\/2020\/L\/H\/GZqzB6Q66rWLBc1EW0Og\/whatsapp-image-2020-07-28-at-06.56.45.jpeg\" alt=\"Usu\u00e1rios enfrentam filas na esta\u00e7\u00e3o Corinthians\/Itaquera da Linha 3-Vermelha, que amanheceu fechada nesta ter\u00e7a \u2014 Foto: Guilherme Pimentel\/TV Globo\" src=\"data:image\/svg+xml;base64,PHN2ZyB3aWR0aD0iMSIgaGVpZ2h0PSIxIiB4bWxucz0iaHR0cDovL3d3dy53My5vcmcvMjAwMC9zdmciPjwvc3ZnPg==\" class=\"lazyload\" \/><\/figure>\n\n\n\n<p>Usu\u00e1rios enfrentam filas na esta\u00e7\u00e3o Corinthians\/Itaquera da Linha 3-Vermelha, que amanheceu fechada nesta ter\u00e7a \u2014 Foto: Guilherme Pimentel\/TV Globo<\/p>\n\n\n\n<h2 class=\"wp-block-heading\">Atraso na opera\u00e7\u00e3o<\/h2>\n\n\n\n<p>A opera\u00e7\u00e3o foi retomada com atraso e as esta\u00e7\u00f5es registraram aglomera\u00e7\u00f5es e filas nas catracas.<\/p>\n\n\n\n<p>\u00c0s 7h30, quase 3 horas depois do hor\u00e1rio de abertura, todas as esta\u00e7\u00f5es estavam abertas e as linhas funcionando normalmente, segundo o Metr\u00f4.<\/p>\n\n\n\n<figure class=\"wp-block-image\"><img decoding=\"async\" data-src=\"https:\/\/s2.glbimg.com\/LPRDj5VdenGDU6lZ2NXqQgJV9EQ=\/0x0:1280x960\/984x0\/smart\/filters:strip_icc()\/i.s3.glbimg.com\/v1\/AUTH_59edd422c0c84a879bd37670ae4f538a\/internal_photos\/bs\/2020\/6\/E\/CX73XKSWK9YodZL7HohQ\/metro.jpg\" alt=\"Passageiros ficam aglomera\u00e7\u00f5es na esta\u00e7\u00e3o Corinthians\/Itaquera da Linha 3-Vermelha que amanheceu fechada nesta ter\u00e7a \u2014 Foto: TV Globo\" src=\"data:image\/svg+xml;base64,PHN2ZyB3aWR0aD0iMSIgaGVpZ2h0PSIxIiB4bWxucz0iaHR0cDovL3d3dy53My5vcmcvMjAwMC9zdmciPjwvc3ZnPg==\" class=\"lazyload\" \/><\/figure>\n\n\n\n<p>Passageiros ficam aglomera\u00e7\u00f5es na esta\u00e7\u00e3o Corinthians\/Itaquera da Linha 3-Vermelha que amanheceu fechada nesta ter\u00e7a \u2014 Foto: TV Globo<\/p>\n\n\n\n<p>A esta\u00e7\u00e3o Ch\u00e1cara Klabin, Linha 5-Lil\u00e1s do Metr\u00f4, permaneceu fechada at\u00e9 as 6h. Os passageiros reclamam de falta de \u00f4nibus do Paese para liga\u00e7\u00e3o com a Linha 2-Verde.<\/p>\n\n\n\n<p>A Linha 1-Azul do Metr\u00f4, que liga a Zona Norte \u00e0 Zona Sul, tamb\u00e9m amanheceu fechada. Na esta\u00e7\u00e3o Tucuruvi, por volta das 6h20, as portas estavam fechadas e havia aglomera\u00e7\u00f5es de passageiros no local, que tentavam embarcar. Na esta\u00e7\u00e3o Tucuruvi, usu\u00e1rios chegaram a arrombar um dos port\u00f5es.<\/p>\n\n\n\n<figure class=\"wp-block-image\"><img decoding=\"async\" data-src=\"https:\/\/s2.glbimg.com\/K0X6fz17-M83aFU2_vfXYsVifv8=\/0x0:1280x720\/984x0\/smart\/filters:strip_icc()\/i.s3.glbimg.com\/v1\/AUTH_59edd422c0c84a879bd37670ae4f538a\/internal_photos\/bs\/2020\/D\/E\/SdcjB8R8afwRTWK2lK1Q\/whatsapp-image-2020-07-28-at-06.32.43.jpeg\" alt=\"Lota\u00e7\u00e3o de passageiros na esta\u00e7\u00e3o Tucuruvi, da Linha 1-Azul do Metr\u00f4 de SP \u2014 Foto: Bernardo Bortolotto\/TV Globo\" src=\"data:image\/svg+xml;base64,PHN2ZyB3aWR0aD0iMSIgaGVpZ2h0PSIxIiB4bWxucz0iaHR0cDovL3d3dy53My5vcmcvMjAwMC9zdmciPjwvc3ZnPg==\" class=\"lazyload\" \/><\/figure>\n\n\n\n<p>Lota\u00e7\u00e3o de passageiros na esta\u00e7\u00e3o Tucuruvi, da Linha 1-Azul do Metr\u00f4 de SP \u2014 Foto: Bernardo Bortolotto\/TV Globo<\/p>\n\n\n\n<p>Pelas redes sociais, o secret\u00e1rio estadual de Transportes, Alexandre Baldy, lamentou o atraso na abertura das esta\u00e7\u00f5es e fez cr\u00edticas ao sindicato.<\/p>\n\n\n\n<p>&#8220;Ap\u00f3s di\u00e1logo, o sindicato realizou nova assembleia encerrando a vota\u00e7\u00e3o a 1h da manh\u00e3 e decidiram suspender a greve pelo acordo que realizei com os mesmos atrav\u00e9s de vota\u00e7\u00e3o. Um sentimento que percebo no Sindicato de falta de humanidade e responsabilidade com a popula\u00e7\u00e3o&#8221;, diz o texto.<\/p>\n\n\n\n<figure class=\"wp-block-image\"><img decoding=\"async\" data-src=\"https:\/\/s2.glbimg.com\/U5C9MjJfjzKRVv9LnRD_gc0boiA=\/0x0:1280x960\/984x0\/smart\/filters:strip_icc()\/i.s3.glbimg.com\/v1\/AUTH_59edd422c0c84a879bd37670ae4f538a\/internal_photos\/bs\/2020\/5\/1\/GyMAohQaSx8Qf0rMck6A\/whatsapp-image-2020-07-28-at-07.11.24.jpeg\" alt=\"Cartaz colocado na porta da esta\u00e7\u00e3o Itaquera do Metr\u00f4 na manh\u00e3 de 28 de julho \u2014 Foto: Guilherme Pimentel\/TV Globo\" src=\"data:image\/svg+xml;base64,PHN2ZyB3aWR0aD0iMSIgaGVpZ2h0PSIxIiB4bWxucz0iaHR0cDovL3d3dy53My5vcmcvMjAwMC9zdmciPjwvc3ZnPg==\" class=\"lazyload\" \/><\/figure>\n\n\n\n<p>Cartaz colocado na porta da esta\u00e7\u00e3o Itaquera do Metr\u00f4 na manh\u00e3 de 28 de julho \u2014 Foto: Guilherme Pimentel\/TV Globo<\/p>\n\n\n\n<h2 class=\"wp-block-heading\">Rod\u00edzio suspenso<\/h2>\n\n\n\n<p>Por conta do an\u00fancio da paralisa\u00e7\u00e3o, a Prefeitura de S\u00e3o Paulo decidiu suspender o Rod\u00edzio Municipal de Ve\u00edculos (autom\u00f3veis) nesta ter\u00e7a. A medida foi mantida mesmo com o cancelamento da greve.<\/p>\n\n\n\n<p>A cobran\u00e7a de Zona Azul tamb\u00e9m est\u00e1 suspensa em toda a capital, mas o rod\u00edzio de caminh\u00f5es segue valendo na cidade, segundo comunicado da Secretaria Municipal de Mobilidade e Transportes.<\/p>\n\n\n\n<figure class=\"wp-block-image\"><img decoding=\"async\" data-src=\"https:\/\/s2.glbimg.com\/lbiHiMkRgIBz9FSRDNn-QnEFwxU=\/0x0:1024x683\/984x0\/smart\/filters:strip_icc()\/i.s3.glbimg.com\/v1\/AUTH_59edd422c0c84a879bd37670ae4f538a\/internal_photos\/bs\/2020\/j\/n\/waG8owQc2DDmtMDBqq0g\/whatsapp-image-2020-07-28-at-07.16.42.jpeg\" alt=\"Rod\u00edzio permanece suspenso nesta ter\u00e7a-feira mesmo ap\u00f3s suspens\u00e3o de greve no Metr\u00f4. Carros circulam na Av 9 de Julho na manh\u00e3 desta ter\u00e7a \u2014 Foto: Celso Tavares\/G1\" src=\"data:image\/svg+xml;base64,PHN2ZyB3aWR0aD0iMSIgaGVpZ2h0PSIxIiB4bWxucz0iaHR0cDovL3d3dy53My5vcmcvMjAwMC9zdmciPjwvc3ZnPg==\" class=\"lazyload\" \/><\/figure>\n\n\n\n<p>Rod\u00edzio permanece suspenso nesta ter\u00e7a-feira mesmo ap\u00f3s suspens\u00e3o de greve no Metr\u00f4. Carros circulam na Av 9 de Julho na manh\u00e3 desta ter\u00e7a \u2014 Foto: Celso Tavares\/G1<\/p>\n\n\n\n<p>De acordo com a prefeitura, os corredores e faixas exclusivas de \u00f4nibus v\u00e3o se manter ativos durante toda a ter\u00e7a-feira para favorecer o deslocamento do transporte p\u00fablico.<\/p>\n\n\n\n<p>A SPTrans tamb\u00e9m informou que as linhas municipais atendem todas as liga\u00e7\u00f5es do Metr\u00f4 e a empresa refor\u00e7ar\u00e1, principalmente, a linha 4310 ET (Itaquera &#8211; Terminal Pq. Dom Pedro II), que faz a liga\u00e7\u00e3o no eixo da Linha 3-Vermelha do sistema metrovi\u00e1rio, para auxiliar no deslocamento dos paulistanos entre a Zona Leste e o Centro.<\/p>\n\n\n\n<figure class=\"wp-block-image\"><img decoding=\"async\" data-src=\"https:\/\/s2.glbimg.com\/IzadGiIdGDvQHo9WH6Z8gtAo_Dg=\/0x0:632x911\/984x0\/smart\/filters:strip_icc()\/i.s3.glbimg.com\/v1\/AUTH_59edd422c0c84a879bd37670ae4f538a\/internal_photos\/bs\/2020\/L\/2\/lR7D94TlWqHS64NFdrAA\/metro.jpg\" alt=\"Nota do Sindicato dos Metrovi\u00e1rios de S\u00e3o Paulo anuncia fim da greve \u2014 Foto: Reprodu\u00e7\u00e3o \/ Facebook \/ Sindicato dos Metrovi\u00e1rios de S\u00e3o Paulo\" src=\"data:image\/svg+xml;base64,PHN2ZyB3aWR0aD0iMSIgaGVpZ2h0PSIxIiB4bWxucz0iaHR0cDovL3d3dy53My5vcmcvMjAwMC9zdmciPjwvc3ZnPg==\" class=\"lazyload\" \/><\/figure>\n\n\n\n<p>Nota do Sindicato dos Metrovi\u00e1rios de S\u00e3o Paulo anuncia fim da greve \u2014 Foto: Reprodu\u00e7\u00e3o \/ Facebook \/ Sindicato dos Metrovi\u00e1rios de S\u00e3o Paulo<\/p>\n\n\n\n<h2 class=\"wp-block-heading\"><strong>Detalhes do acordo:<\/strong><\/h2>\n\n\n\n<ul class=\"wp-block-list\"><li>1 &#8211; Manuten\u00e7\u00e3o do adicional noturno de 50%, com o pagamento de adicional noturno de 25% pelo per\u00edodo de seis meses, e o adiamento da diferen\u00e7a de 25% de adicional noturno que devem ser pagos integralmente nos seis meses subsequentes.<\/li><li>2 &#8211; Manuten\u00e7\u00e3o da gratifica\u00e7\u00e3o por tempo de servi\u00e7o, com garantias dos valores adquiridos at\u00e9 30\/04\/2020, e a aplica\u00e7\u00e3o da aplicabilidade do percentual pelo per\u00edodo de seis meses, retomando-se o pagamento do direito adquirido neste per\u00edodo no s\u00e9timo m\u00eas, com o consequente pagamento dos respectivos valores retroativos \u00e0 data de aquisi\u00e7\u00e3o da progress\u00e3o.<\/li><li>3 &#8211; Manuten\u00e7\u00e3o no adicional normativo de f\u00e9rias, com o adiamento do pagamento da diferen\u00e7a entre o valor adicional normativo e o 1\/3 constitucional, pelo per\u00edodo de seis meses, com o consequente pagamento no s\u00e9timo m\u00eas dos respectivos valores retroativos \u00e0 data do gozo. Com a realiza\u00e7\u00e3o do acordo, os valores de aux\u00edlio transporte suprimidos a partir de 30\/06, ser\u00e3o ressarcidos.<\/li><li>4 &#8211; Renova\u00e7\u00e3o do ACT, em todas as suas cl\u00e1usulas por 12 meses, com vig\u00eancia de 01\/05\/2020 a 30\/04\/2021.<\/li><li>5 &#8211; Manuten\u00e7\u00e3o do adicional de horas extras de 100%, com o pagamento de adicional de 50% pelo per\u00edodo de de seis meses, e o adiamento da diferen\u00e7a de 50% dos adicionais de horas extras, que devem sr pagos integralmente nos seis meses subsequentes, exceto as horas extras compuls\u00f3rias, que devem ser pagas integralmente (100%).<\/li><\/ul>\n\n\n\n<p>COM G1<\/p>\n","protected":false},"excerpt":{"rendered":"<p>Os metrovi\u00e1rios de S\u00e3o Paulo decidiram, em assembleia extraordin\u00e1ria virtual realizada no in\u00edcio da madrugada desta ter\u00e7a-feira (28), suspender a\u00a0paralisa\u00e7\u00e3o marcada para 0h\u00a0desta ter\u00e7a-feira (28).&hellip; <\/p>\n","protected":false},"author":1,"featured_media":180898,"comment_status":"closed","ping_status":"closed","sticky":false,"template":"","format":"standard","meta":{"sfsi_plus_gutenberg_text_before_share":"","sfsi_plus_gutenberg_show_text_before_share":"","sfsi_plus_gutenberg_icon_type":"","sfsi_plus_gutenberg_icon_alignemt":"","sfsi_plus_gutenburg_max_per_row":"","footnotes":""},"categories":[2],"tags":[],"class_list":["post-180878","post","type-post","status-publish","format-standard","has-post-thumbnail","hentry","category-geral"],"_links":{"self":[{"href":"https:\/\/www.caririemacao.com\/1\/wp-json\/wp\/v2\/posts\/180878","targetHints":{"allow":["GET"]}}],"collection":[{"href":"https:\/\/www.caririemacao.com\/1\/wp-json\/wp\/v2\/posts"}],"about":[{"href":"https:\/\/www.caririemacao.com\/1\/wp-json\/wp\/v2\/types\/post"}],"author":[{"embeddable":true,"href":"https:\/\/www.caririemacao.com\/1\/wp-json\/wp\/v2\/users\/1"}],"replies":[{"embeddable":true,"href":"https:\/\/www.caririemacao.com\/1\/wp-json\/wp\/v2\/comments?post=180878"}],"version-history":[{"count":1,"href":"https:\/\/www.caririemacao.com\/1\/wp-json\/wp\/v2\/posts\/180878\/revisions"}],"predecessor-version":[{"id":180899,"href":"https:\/\/www.caririemacao.com\/1\/wp-json\/wp\/v2\/posts\/180878\/revisions\/180899"}],"wp:featuredmedia":[{"embeddable":true,"href":"https:\/\/www.caririemacao.com\/1\/wp-json\/wp\/v2\/media\/180898"}],"wp:attachment":[{"href":"https:\/\/www.caririemacao.com\/1\/wp-json\/wp\/v2\/media?parent=180878"}],"wp:term":[{"taxonomy":"category","embeddable":true,"href":"https:\/\/www.caririemacao.com\/1\/wp-json\/wp\/v2\/categories?post=180878"},{"taxonomy":"post_tag","embeddable":true,"href":"https:\/\/www.caririemacao.com\/1\/wp-json\/wp\/v2\/tags?post=180878"}],"curies":[{"name":"wp","href":"https:\/\/api.w.org\/{rel}","templated":true}]}}