{"id":180886,"date":"2020-07-28T09:41:42","date_gmt":"2020-07-28T12:41:42","guid":{"rendered":"https:\/\/www.caririemacao.com\/1\/?p=180886"},"modified":"2020-07-28T09:42:30","modified_gmt":"2020-07-28T12:42:30","slug":"exclusivo-bandidos-tentam-assaltar-carro-forte-entre-serra-branca-e-sao-joao-do-cariri","status":"publish","type":"post","link":"https:\/\/www.caririemacao.com\/1\/2020\/07\/28\/exclusivo-bandidos-tentam-assaltar-carro-forte-entre-serra-branca-e-sao-joao-do-cariri\/","title":{"rendered":"EXCLUSIVO: Bandidos tentam assaltar carro forte entre Serra Branca e S\u00e3o Jo\u00e3o do Cariri"},"content":{"rendered":"\n<p>Uma tentativa de assalto a um carro forte foi registrada na manh\u00e3 desta ter\u00e7a-feira, dia 28, entre as cidades de S\u00e3o Jo\u00e3o do Cariri e Serra Branca.<\/p>\n\n\n\n<p>Os assaltantes estavam fortemente armados e ainda conseguiram roubar um senhor que passava no local. Os bandidos fugiram sentido Cabaceiras.<\/p>\n\n\n\n<p>Mais informa\u00e7\u00f5es a qualquer momento.<\/p>\n","protected":false},"excerpt":{"rendered":"<p>Uma tentativa de assalto a um carro forte foi registrada na manh\u00e3 desta ter\u00e7a-feira, dia 28, entre as cidades de S\u00e3o Jo\u00e3o do Cariri e&hellip; <\/p>\n","protected":false},"author":1,"featured_media":180890,"comment_status":"closed","ping_status":"closed","sticky":false,"template":"","format":"standard","meta":{"sfsi_plus_gutenberg_text_before_share":"","sfsi_plus_gutenberg_show_text_before_share":"","sfsi_plus_gutenberg_icon_type":"","sfsi_plus_gutenberg_icon_alignemt":"","sfsi_plus_gutenburg_max_per_row":"","footnotes":""},"categories":[50,12],"tags":[],"class_list":["post-180886","post","type-post","status-publish","format-standard","has-post-thumbnail","hentry","category-destaque","category-policia"],"_links":{"self":[{"href":"https:\/\/www.caririemacao.com\/1\/wp-json\/wp\/v2\/posts\/180886","targetHints":{"allow":["GET"]}}],"collection":[{"href":"https:\/\/www.caririemacao.com\/1\/wp-json\/wp\/v2\/posts"}],"about":[{"href":"https:\/\/www.caririemacao.com\/1\/wp-json\/wp\/v2\/types\/post"}],"author":[{"embeddable":true,"href":"https:\/\/www.caririemacao.com\/1\/wp-json\/wp\/v2\/users\/1"}],"replies":[{"embeddable":true,"href":"https:\/\/www.caririemacao.com\/1\/wp-json\/wp\/v2\/comments?post=180886"}],"version-history":[{"count":2,"href":"https:\/\/www.caririemacao.com\/1\/wp-json\/wp\/v2\/posts\/180886\/revisions"}],"predecessor-version":[{"id":180892,"href":"https:\/\/www.caririemacao.com\/1\/wp-json\/wp\/v2\/posts\/180886\/revisions\/180892"}],"wp:featuredmedia":[{"embeddable":true,"href":"https:\/\/www.caririemacao.com\/1\/wp-json\/wp\/v2\/media\/180890"}],"wp:attachment":[{"href":"https:\/\/www.caririemacao.com\/1\/wp-json\/wp\/v2\/media?parent=180886"}],"wp:term":[{"taxonomy":"category","embeddable":true,"href":"https:\/\/www.caririemacao.com\/1\/wp-json\/wp\/v2\/categories?post=180886"},{"taxonomy":"post_tag","embeddable":true,"href":"https:\/\/www.caririemacao.com\/1\/wp-json\/wp\/v2\/tags?post=180886"}],"curies":[{"name":"wp","href":"https:\/\/api.w.org\/{rel}","templated":true}]}}