{"id":180893,"date":"2020-07-28T10:30:55","date_gmt":"2020-07-28T13:30:55","guid":{"rendered":"https:\/\/www.caririemacao.com\/1\/?p=180893"},"modified":"2020-07-28T10:30:55","modified_gmt":"2020-07-28T13:30:55","slug":"mulheres-ficam-feridas-apos-onibus-passar-em-lombada-em-joao-pessoa","status":"publish","type":"post","link":"https:\/\/www.caririemacao.com\/1\/2020\/07\/28\/mulheres-ficam-feridas-apos-onibus-passar-em-lombada-em-joao-pessoa\/","title":{"rendered":"Mulheres ficam feridas ap\u00f3s \u00f4nibus passar em lombada, em Jo\u00e3o Pessoa"},"content":{"rendered":"\n<p>Duas mulheres ficaram feridas ap\u00f3s um \u00f4nibus n\u00e3o conseguir parar totalmente ao passar em uma lombada, no Costa e Silva, em Jo\u00e3o Pessoa. As v\u00edtimas foram levadas ao Hospital de Trauma.<\/p>\n\n\n\n<p>Segundo o Sindicato das Empresas de Transporte Coletivo Urbano de Jo\u00e3o Pessoa (Sintur-JP), a via foi recapeada recentemente e n\u00e3o estava sinalizada, por isso o motorista n\u00e3o conseguiu parar totalmente o \u00f4nibus.<\/p>\n\n\n\n<p>As duas mulheres foram socorridas pelo Servi\u00e7o de Atendimento de Urg\u00eancia e Emerg\u00eancia (Samu) e levadas para o Hospital de Trauma. De acordo com a assessoria do hospital, foram feitos exames para verificar a situa\u00e7\u00e3o da lombar das v\u00edtimas.<\/p>\n\n\n\n<p>Segundo a Sintur-JP, um funcion\u00e1rio do Cons\u00f3rcio Navegantes est\u00e1 acompanhando as duas v\u00edtimas no hospital. At\u00e9 a publica\u00e7\u00e3o desta mat\u00e9ria, uma v\u00edtima foi liberada e outra segue internada em estado est\u00e1vel.<\/p>\n\n\n\n<figure class=\"wp-block-image\"><img decoding=\"async\" data-src=\"https:\/\/s2.glbimg.com\/F0Tn53rtcgnh0K3rIe9P6JainDk=\/0x0:1280x720\/984x0\/smart\/filters:strip_icc()\/i.s3.glbimg.com\/v1\/AUTH_59edd422c0c84a879bd37670ae4f538a\/internal_photos\/bs\/2020\/x\/C\/zyxnhxTAS2prfNeAcNgA\/whatsapp-image-2020-07-27-at-14.35.03.jpeg\" alt=\"Duas mulheres ficaram feridas ap\u00f3s \u00f4nibus passar em lombada, em Jo\u00e3o Pessoa \u2014 Foto: Walter Paparazzo\/G1\" src=\"data:image\/svg+xml;base64,PHN2ZyB3aWR0aD0iMSIgaGVpZ2h0PSIxIiB4bWxucz0iaHR0cDovL3d3dy53My5vcmcvMjAwMC9zdmciPjwvc3ZnPg==\" class=\"lazyload\" \/><\/figure>\n\n\n\n<p>Duas mulheres ficaram feridas ap\u00f3s \u00f4nibus passar em lombada, em Jo\u00e3o Pessoa \u2014 Foto: Walter Paparazzo\/G1<\/p>\n\n\n\n<p>COM G1<\/p>\n","protected":false},"excerpt":{"rendered":"<p>Duas mulheres ficaram feridas ap\u00f3s um \u00f4nibus n\u00e3o conseguir parar totalmente ao passar em uma lombada, no Costa e Silva, em Jo\u00e3o Pessoa. As v\u00edtimas&hellip; <\/p>\n","protected":false},"author":1,"featured_media":180894,"comment_status":"closed","ping_status":"closed","sticky":false,"template":"","format":"standard","meta":{"sfsi_plus_gutenberg_text_before_share":"","sfsi_plus_gutenberg_show_text_before_share":"","sfsi_plus_gutenberg_icon_type":"","sfsi_plus_gutenberg_icon_alignemt":"","sfsi_plus_gutenburg_max_per_row":"","footnotes":""},"categories":[2],"tags":[],"class_list":["post-180893","post","type-post","status-publish","format-standard","has-post-thumbnail","hentry","category-geral"],"_links":{"self":[{"href":"https:\/\/www.caririemacao.com\/1\/wp-json\/wp\/v2\/posts\/180893","targetHints":{"allow":["GET"]}}],"collection":[{"href":"https:\/\/www.caririemacao.com\/1\/wp-json\/wp\/v2\/posts"}],"about":[{"href":"https:\/\/www.caririemacao.com\/1\/wp-json\/wp\/v2\/types\/post"}],"author":[{"embeddable":true,"href":"https:\/\/www.caririemacao.com\/1\/wp-json\/wp\/v2\/users\/1"}],"replies":[{"embeddable":true,"href":"https:\/\/www.caririemacao.com\/1\/wp-json\/wp\/v2\/comments?post=180893"}],"version-history":[{"count":1,"href":"https:\/\/www.caririemacao.com\/1\/wp-json\/wp\/v2\/posts\/180893\/revisions"}],"predecessor-version":[{"id":180895,"href":"https:\/\/www.caririemacao.com\/1\/wp-json\/wp\/v2\/posts\/180893\/revisions\/180895"}],"wp:featuredmedia":[{"embeddable":true,"href":"https:\/\/www.caririemacao.com\/1\/wp-json\/wp\/v2\/media\/180894"}],"wp:attachment":[{"href":"https:\/\/www.caririemacao.com\/1\/wp-json\/wp\/v2\/media?parent=180893"}],"wp:term":[{"taxonomy":"category","embeddable":true,"href":"https:\/\/www.caririemacao.com\/1\/wp-json\/wp\/v2\/categories?post=180893"},{"taxonomy":"post_tag","embeddable":true,"href":"https:\/\/www.caririemacao.com\/1\/wp-json\/wp\/v2\/tags?post=180893"}],"curies":[{"name":"wp","href":"https:\/\/api.w.org\/{rel}","templated":true}]}}