{"id":180902,"date":"2020-07-28T10:59:49","date_gmt":"2020-07-28T13:59:49","guid":{"rendered":"https:\/\/www.caririemacao.com\/1\/?p=180902"},"modified":"2020-07-28T10:59:49","modified_gmt":"2020-07-28T13:59:49","slug":"covid-atinge-o-coracao-e-inflamacao-em-musculo-e-achada-semanas-apos-recuperacao-apontam-estudos","status":"publish","type":"post","link":"https:\/\/www.caririemacao.com\/1\/2020\/07\/28\/covid-atinge-o-coracao-e-inflamacao-em-musculo-e-achada-semanas-apos-recuperacao-apontam-estudos\/","title":{"rendered":"Covid atinge o cora\u00e7\u00e3o e inflama\u00e7\u00e3o em m\u00fasculo \u00e9 achada semanas ap\u00f3s recupera\u00e7\u00e3o, apontam estudos"},"content":{"rendered":"\n<p>Dois estudos publicados nesta segunda-feira (27) avan\u00e7am em evid\u00eancias relacionadas aos efeitos do\u00a0coronav\u00edrus Sars CoV-2\u00a0sobre o tecido do cora\u00e7\u00e3o. Um deles, realizado com aut\u00f3psias de 39 pacientes, mostra a presen\u00e7a do v\u00edrus no mioc\u00e1rdio em 60% dos casos. O outro estudo, que conta com 100 pacientes recuperados de Covid-19, mostrou que, em 78%, houve uma inflama\u00e7\u00e3o diagnosticada por resson\u00e2ncia magn\u00e9tica, mesmo semanas ap\u00f3s a recupera\u00e7\u00e3o.<\/p>\n\n\n\n<p>Os dois artigos chamam a aten\u00e7\u00e3o para a import\u00e2ncia de um acompanhamento cardiol\u00f3gico durante e ap\u00f3s a infec\u00e7\u00e3o por Covid-19. A &#8220;Jama Cardiology&#8221;, revista que publicou as pesquisas, escreveu um editorial sobre o assunto, ressaltando a import\u00e2ncia de os pesquisadores de todo o mundo continuarem a analisar os efeitos da Covid-19 no sistema cardiovascular.<\/p>\n\n\n\n<p>Roberto Kalil, cardiologista e presidente do Instituto do Cora\u00e7\u00e3o, em S\u00e3o Paulo, explica ao&nbsp;<strong>G1<\/strong>&nbsp;que muitas doen\u00e7as virais podem atingir o cora\u00e7\u00e3o causando quadros inflamat\u00f3rios \u2013 denominados como &#8220;miocardite&#8221;, mas afirma que o novo coronav\u00edrus atinge o sistema cardiovascular com mais frequ\u00eancia, muitas vezes deixando sequelas nos pacientes. Complica\u00e7\u00f5es como arritmias, infarto agudo, insufici\u00eancia card\u00edaca e tromboembolismo, por exemplo.<\/p>\n\n\n\n<p>Kalil d\u00e1 destaque aos resultados do segundo estudo. Em um tempo m\u00e9dio de 71 dias ap\u00f3s a infec\u00e7\u00e3o, 100 pacientes passaram por resson\u00e2ncia para avaliar a sa\u00fade card\u00edaca. Ap\u00f3s mais de dois meses, 78% ainda apresentavam inflama\u00e7\u00e3o no cora\u00e7\u00e3o.<\/p>\n\n\n\n<blockquote class=\"wp-block-quote is-layout-flow wp-block-quote-is-layout-flow\"><p>\u201cIsso \u00e9 muito importante. As complica\u00e7\u00f5es cardiovasculares precisam ser vistas com aten\u00e7\u00e3o. O v\u00edrus pode afetar qualquer estrutura do cora\u00e7\u00e3o causando inflama\u00e7\u00e3o e trombose nos vasos e tecidos. Os autores mostram claramente que h\u00e1 comprometimento do m\u00fasculo do cora\u00e7\u00e3o, e que pode ser persistente semanas ap\u00f3s a recupera\u00e7\u00e3o\u201d, explicou.<\/p><\/blockquote>\n\n\n\n<p>O cardiologista explica que h\u00e1 chance de desenvolvimento de insufici\u00eancia card\u00edaca a longo prazo. \u201cO que este estudo chama a aten\u00e7\u00e3o \u00e9 que o paciente est\u00e1 h\u00e1 dois meses sem a infec\u00e7\u00e3o, mas mesmo assim ainda tem a inflama\u00e7\u00e3o no m\u00fasculo do cora\u00e7\u00e3o. Assim, em alguns casos, o m\u00fasculo card\u00edaco pode enfraquecer, causando a insufici\u00eancia card\u00edaca\u201d, afirma Kalil.<\/p>\n\n\n\n<p>Em entrevista \u00e0 ag\u00eancia de not\u00edcias Reuters, Valentina Puntmann, autora principal do segundo estudo, afirmou que em alguns pacientes o cora\u00e7\u00e3o pode ser &#8220;gravemente afetado com a a\u00e7\u00e3o da Covid-19&#8221;.<\/p>\n\n\n\n<p>A pesquisadora do Hospital Universit\u00e1rio de Frankfurt, na Alemanha, reconheceu que ainda falta avan\u00e7ar nos estudos para avaliar se h\u00e1 &#8220;evid\u00eancias diretas&#8221; de que a Covid possa enfraquecer o cora\u00e7\u00e3o de um paciente recuperado.<\/p>\n\n\n\n<p>&#8220;\u00c9 poss\u00edvel que, em poucos anos, esse efeito seja mais significativo, baseado naquilo que j\u00e1 conhecemos sobre outras doen\u00e7as virais&#8221;, disse Valentina Puntmann.<\/p>\n\n\n\n<figure class=\"wp-block-image\"><img decoding=\"async\" data-src=\"https:\/\/s01.video.glbimg.com\/x240\/8563400.jpg\" alt=\"Doen\u00e7as do cora\u00e7\u00e3o s\u00e3o as mais comuns nas v\u00edtimas do coronav\u00edrus\" title=\"Doen\u00e7as do cora\u00e7\u00e3o s\u00e3o as mais comuns nas v\u00edtimas do coronav\u00edrus\" src=\"data:image\/svg+xml;base64,PHN2ZyB3aWR0aD0iMSIgaGVpZ2h0PSIxIiB4bWxucz0iaHR0cDovL3d3dy53My5vcmcvMjAwMC9zdmciPjwvc3ZnPg==\" class=\"lazyload\" \/><\/figure>\n\n\n\n<p>Doen\u00e7as do cora\u00e7\u00e3o s\u00e3o as mais comuns nas v\u00edtimas do coronav\u00edrus<\/p>\n\n\n\n<p>COM G1<\/p>\n","protected":false},"excerpt":{"rendered":"<p>Dois estudos publicados nesta segunda-feira (27) avan\u00e7am em evid\u00eancias relacionadas aos efeitos do\u00a0coronav\u00edrus Sars CoV-2\u00a0sobre o tecido do cora\u00e7\u00e3o. Um deles, realizado com aut\u00f3psias de&hellip; <\/p>\n","protected":false},"author":1,"featured_media":180904,"comment_status":"closed","ping_status":"closed","sticky":false,"template":"","format":"standard","meta":{"sfsi_plus_gutenberg_text_before_share":"","sfsi_plus_gutenberg_show_text_before_share":"","sfsi_plus_gutenberg_icon_type":"","sfsi_plus_gutenberg_icon_alignemt":"","sfsi_plus_gutenburg_max_per_row":"","footnotes":""},"categories":[16],"tags":[],"class_list":["post-180902","post","type-post","status-publish","format-standard","has-post-thumbnail","hentry","category-saude"],"_links":{"self":[{"href":"https:\/\/www.caririemacao.com\/1\/wp-json\/wp\/v2\/posts\/180902","targetHints":{"allow":["GET"]}}],"collection":[{"href":"https:\/\/www.caririemacao.com\/1\/wp-json\/wp\/v2\/posts"}],"about":[{"href":"https:\/\/www.caririemacao.com\/1\/wp-json\/wp\/v2\/types\/post"}],"author":[{"embeddable":true,"href":"https:\/\/www.caririemacao.com\/1\/wp-json\/wp\/v2\/users\/1"}],"replies":[{"embeddable":true,"href":"https:\/\/www.caririemacao.com\/1\/wp-json\/wp\/v2\/comments?post=180902"}],"version-history":[{"count":1,"href":"https:\/\/www.caririemacao.com\/1\/wp-json\/wp\/v2\/posts\/180902\/revisions"}],"predecessor-version":[{"id":180912,"href":"https:\/\/www.caririemacao.com\/1\/wp-json\/wp\/v2\/posts\/180902\/revisions\/180912"}],"wp:featuredmedia":[{"embeddable":true,"href":"https:\/\/www.caririemacao.com\/1\/wp-json\/wp\/v2\/media\/180904"}],"wp:attachment":[{"href":"https:\/\/www.caririemacao.com\/1\/wp-json\/wp\/v2\/media?parent=180902"}],"wp:term":[{"taxonomy":"category","embeddable":true,"href":"https:\/\/www.caririemacao.com\/1\/wp-json\/wp\/v2\/categories?post=180902"},{"taxonomy":"post_tag","embeddable":true,"href":"https:\/\/www.caririemacao.com\/1\/wp-json\/wp\/v2\/tags?post=180902"}],"curies":[{"name":"wp","href":"https:\/\/api.w.org\/{rel}","templated":true}]}}