{"id":180914,"date":"2020-07-28T11:35:07","date_gmt":"2020-07-28T14:35:07","guid":{"rendered":"https:\/\/www.caririemacao.com\/1\/?p=180914"},"modified":"2020-07-28T11:35:07","modified_gmt":"2020-07-28T14:35:07","slug":"comissao-da-camara-americana-pede-que-familia-bolsonaro-fique-fora-de-eleicao-dos-eua","status":"publish","type":"post","link":"https:\/\/www.caririemacao.com\/1\/2020\/07\/28\/comissao-da-camara-americana-pede-que-familia-bolsonaro-fique-fora-de-eleicao-dos-eua\/","title":{"rendered":"Comiss\u00e3o da C\u00e2mara americana pede que fam\u00edlia Bolsonaro &#8216;fique fora&#8217; de elei\u00e7\u00e3o dos EUA"},"content":{"rendered":"\n<p>O presidente do Comit\u00ea de Rela\u00e7\u00f5es Internacionais da C\u00e2mara dos\u00a0Estados Unidos, Eliot Engel, se manifestou nesta segunda-feira (27) contra o apoio expressado pelo deputado brasileiro Eduardo Bolsonaro \u00e0 reelei\u00e7\u00e3o de\u00a0Donald Trump\u00a0\u00e0 presid\u00eancia.<\/p>\n\n\n\n<p>&#8220;J\u00e1 vimos esse manual antes. \u00c9 vergonhoso e inaceit\u00e1vel. A fam\u00edlia Bolsonaro precisa ficar de fora das elei\u00e7\u00f5es nos EUA\u201d, escreveu no perfil do Comit\u00ea, citando um post de Eduardo com a inscri\u00e7\u00e3o \u201cTrump 2020\u201d e um v\u00eddeo da campanha presidencial de Trump.<\/p>\n\n\n\n<figure class=\"wp-block-image\"><img decoding=\"async\" data-src=\"https:\/\/s2.glbimg.com\/Mlklw14MN1vqAYaVpW5rrFp-ASo=\/0x0:1600x843\/984x0\/smart\/filters:strip_icc()\/i.s3.glbimg.com\/v1\/AUTH_59edd422c0c84a879bd37670ae4f538a\/internal_photos\/bs\/2018\/H\/i\/CzAriFR9KmScedBM6mkA\/eduardo-bolsonaro.jpg\" alt=\"Eduardo Bolsonaro fala com jornalistas em Washington, nos Estados Unidos, em 27 de novembro de 2018 \u2014 Foto: TV Globo\" src=\"data:image\/svg+xml;base64,PHN2ZyB3aWR0aD0iMSIgaGVpZ2h0PSIxIiB4bWxucz0iaHR0cDovL3d3dy53My5vcmcvMjAwMC9zdmciPjwvc3ZnPg==\" class=\"lazyload\" \/><\/figure>\n\n\n\n<p>Eduardo Bolsonaro fala com jornalistas em Washington, nos Estados Unidos, em 27 de novembro de 2018 \u2014 Foto: TV Globo<\/p>\n\n\n\n<p>Esta n\u00e3o \u00e9 a primeira vez que Eduardo Bolsonaro declara publicamente seu apoio \u00e0 reelei\u00e7\u00e3o do presidente norte-americano, que disputar\u00e1 as elei\u00e7\u00f5es de novembro contra o democrata\u00a0Joe Biden.<\/p>\n\n\n\n<p>Ainda em 2018, durante uma viagem aos EUA, o deputado brasileiro conversou com jornalistas\u00a0usando um bon\u00e9 com a inscri\u00e7\u00e3o \u201cTrump 2020\u201d\u00a0e pediu para ser fotografado usando a pe\u00e7a.<\/p>\n\n\n\n<p>O<strong>\u00a0G1<\/strong>\u00a0procurou a assessoria do deputado Eduardo Bolsonaro, o Itamaraty e a Presid\u00eancia para um posicionamento sobre o assunto, mas n\u00e3o obteve resposta at\u00e9 o fechamento desta nota.<\/p>\n\n\n\n<p>COM G1<\/p>\n","protected":false},"excerpt":{"rendered":"<p>O presidente do Comit\u00ea de Rela\u00e7\u00f5es Internacionais da C\u00e2mara dos\u00a0Estados Unidos, Eliot Engel, se manifestou nesta segunda-feira (27) contra o apoio expressado pelo deputado brasileiro&hellip; <\/p>\n","protected":false},"author":1,"featured_media":180916,"comment_status":"closed","ping_status":"closed","sticky":false,"template":"","format":"standard","meta":{"sfsi_plus_gutenberg_text_before_share":"","sfsi_plus_gutenberg_show_text_before_share":"","sfsi_plus_gutenberg_icon_type":"","sfsi_plus_gutenberg_icon_alignemt":"","sfsi_plus_gutenburg_max_per_row":"","footnotes":""},"categories":[50,11],"tags":[],"class_list":["post-180914","post","type-post","status-publish","format-standard","has-post-thumbnail","hentry","category-destaque","category-politica"],"_links":{"self":[{"href":"https:\/\/www.caririemacao.com\/1\/wp-json\/wp\/v2\/posts\/180914","targetHints":{"allow":["GET"]}}],"collection":[{"href":"https:\/\/www.caririemacao.com\/1\/wp-json\/wp\/v2\/posts"}],"about":[{"href":"https:\/\/www.caririemacao.com\/1\/wp-json\/wp\/v2\/types\/post"}],"author":[{"embeddable":true,"href":"https:\/\/www.caririemacao.com\/1\/wp-json\/wp\/v2\/users\/1"}],"replies":[{"embeddable":true,"href":"https:\/\/www.caririemacao.com\/1\/wp-json\/wp\/v2\/comments?post=180914"}],"version-history":[{"count":1,"href":"https:\/\/www.caririemacao.com\/1\/wp-json\/wp\/v2\/posts\/180914\/revisions"}],"predecessor-version":[{"id":180917,"href":"https:\/\/www.caririemacao.com\/1\/wp-json\/wp\/v2\/posts\/180914\/revisions\/180917"}],"wp:featuredmedia":[{"embeddable":true,"href":"https:\/\/www.caririemacao.com\/1\/wp-json\/wp\/v2\/media\/180916"}],"wp:attachment":[{"href":"https:\/\/www.caririemacao.com\/1\/wp-json\/wp\/v2\/media?parent=180914"}],"wp:term":[{"taxonomy":"category","embeddable":true,"href":"https:\/\/www.caririemacao.com\/1\/wp-json\/wp\/v2\/categories?post=180914"},{"taxonomy":"post_tag","embeddable":true,"href":"https:\/\/www.caririemacao.com\/1\/wp-json\/wp\/v2\/tags?post=180914"}],"curies":[{"name":"wp","href":"https:\/\/api.w.org\/{rel}","templated":true}]}}