{"id":180915,"date":"2020-07-28T16:08:50","date_gmt":"2020-07-28T19:08:50","guid":{"rendered":"https:\/\/www.caririemacao.com\/1\/?p=180915"},"modified":"2020-07-28T16:08:50","modified_gmt":"2020-07-28T19:08:50","slug":"homem-fica-acorrentado-em-frente-a-hospital-para-pedir-internacao-do-pai-em-joao-pessoa","status":"publish","type":"post","link":"https:\/\/www.caririemacao.com\/1\/2020\/07\/28\/homem-fica-acorrentado-em-frente-a-hospital-para-pedir-internacao-do-pai-em-joao-pessoa\/","title":{"rendered":"Homem fica acorrentado em frente a hospital para pedir interna\u00e7\u00e3o do pai, em Jo\u00e3o Pessoa"},"content":{"rendered":"\n<p>Um homem de 40 anos, Alexandre da Silva Souza, est\u00e1 acorrentado desde as 7h desta ter\u00e7a-feira (28), em frente ao Hospital S\u00e3o Vicente de Paulo, em Jo\u00e3o Pessoa, como forma de apelo para conseguir uma vaga de interna\u00e7\u00e3o para o pai diab\u00e9tico. De acordo com Alexandre, o pai, Alberto de Souza, de 69 anos, aguarda uma interna\u00e7\u00e3o h\u00e1 cerca de tr\u00eas meses.<\/p>\n\n\n\n<p>O servi\u00e7o social do hospital informou que o paciente est\u00e1 em tr\u00e2mite de interna\u00e7\u00e3o, aguardando a higieniza\u00e7\u00e3o do leito para ser internado. Disse, ainda, que a documenta\u00e7\u00e3o para interna\u00e7\u00e3o j\u00e1 foi solicitada.<\/p>\n\n\n\n<p>Alberto de Souza, segundo o filho, tem problema vascular no p\u00e9 e est\u00e1 em uma situa\u00e7\u00e3o grave, com o um dos dedos j\u00e1 comprometido. O idoso \u00e9 diab\u00e9tico e tamb\u00e9m n\u00e3o consegue mais andar devido ao incha\u00e7o nas articula\u00e7\u00f5es.<\/p>\n\n\n\n<p>Alexandre informou que vai continuar acorrentado no local at\u00e9 receber um documento por escrito confirmando que o pai dele foi internado no hospital. At\u00e9 as 10h30 ele disse que ningu\u00e9m do hospital havia entrado em contato com ele. &#8220;N\u00e3o \u00e9 s\u00f3 pelo meu pai, \u00e9 por todas as pessoas idosas que est\u00e3o na mesma situa\u00e7\u00e3o do meu pai&#8221;, declarou.<\/p>\n\n\n\n<p>COM G1<\/p>\n","protected":false},"excerpt":{"rendered":"<p>Um homem de 40 anos, Alexandre da Silva Souza, est\u00e1 acorrentado desde as 7h desta ter\u00e7a-feira (28), em frente ao Hospital S\u00e3o Vicente de Paulo,&hellip; <\/p>\n","protected":false},"author":1,"featured_media":180974,"comment_status":"closed","ping_status":"closed","sticky":false,"template":"","format":"standard","meta":{"sfsi_plus_gutenberg_text_before_share":"","sfsi_plus_gutenberg_show_text_before_share":"","sfsi_plus_gutenberg_icon_type":"","sfsi_plus_gutenberg_icon_alignemt":"","sfsi_plus_gutenburg_max_per_row":"","footnotes":""},"categories":[2],"tags":[],"class_list":["post-180915","post","type-post","status-publish","format-standard","has-post-thumbnail","hentry","category-geral"],"_links":{"self":[{"href":"https:\/\/www.caririemacao.com\/1\/wp-json\/wp\/v2\/posts\/180915","targetHints":{"allow":["GET"]}}],"collection":[{"href":"https:\/\/www.caririemacao.com\/1\/wp-json\/wp\/v2\/posts"}],"about":[{"href":"https:\/\/www.caririemacao.com\/1\/wp-json\/wp\/v2\/types\/post"}],"author":[{"embeddable":true,"href":"https:\/\/www.caririemacao.com\/1\/wp-json\/wp\/v2\/users\/1"}],"replies":[{"embeddable":true,"href":"https:\/\/www.caririemacao.com\/1\/wp-json\/wp\/v2\/comments?post=180915"}],"version-history":[{"count":1,"href":"https:\/\/www.caririemacao.com\/1\/wp-json\/wp\/v2\/posts\/180915\/revisions"}],"predecessor-version":[{"id":180975,"href":"https:\/\/www.caririemacao.com\/1\/wp-json\/wp\/v2\/posts\/180915\/revisions\/180975"}],"wp:featuredmedia":[{"embeddable":true,"href":"https:\/\/www.caririemacao.com\/1\/wp-json\/wp\/v2\/media\/180974"}],"wp:attachment":[{"href":"https:\/\/www.caririemacao.com\/1\/wp-json\/wp\/v2\/media?parent=180915"}],"wp:term":[{"taxonomy":"category","embeddable":true,"href":"https:\/\/www.caririemacao.com\/1\/wp-json\/wp\/v2\/categories?post=180915"},{"taxonomy":"post_tag","embeddable":true,"href":"https:\/\/www.caririemacao.com\/1\/wp-json\/wp\/v2\/tags?post=180915"}],"curies":[{"name":"wp","href":"https:\/\/api.w.org\/{rel}","templated":true}]}}