{"id":180918,"date":"2020-07-28T16:01:12","date_gmt":"2020-07-28T19:01:12","guid":{"rendered":"https:\/\/www.caririemacao.com\/1\/?p=180918"},"modified":"2020-07-28T16:01:12","modified_gmt":"2020-07-28T19:01:12","slug":"refugiados-da-venezuela-sao-acolhidos-na-casa-do-migrante-no-conde-pb","status":"publish","type":"post","link":"https:\/\/www.caririemacao.com\/1\/2020\/07\/28\/refugiados-da-venezuela-sao-acolhidos-na-casa-do-migrante-no-conde-pb\/","title":{"rendered":"Refugiados da Venezuela s\u00e3o acolhidos na Casa do Migrante, no Conde, PB"},"content":{"rendered":"\n<p>A Casa do Migrante acolheu 28 pessoas em situa\u00e7\u00e3o de ref\u00fagio, vindas da Venezuela, nesta segunda-feira (27). O grupo chega na cidade de Conde, na Para\u00edba, ap\u00f3s passar por Roraima, no Norte do Brasil, primeiro estado onde foram recebidos no pa\u00eds. S\u00e3o mulheres, homens e crian\u00e7as que v\u00eam ao estado da Para\u00edba em busca de recome\u00e7ar as vidas.<\/p>\n\n\n\n<p>Segundo o Servi\u00e7o Pastoral dos Migrantes do Nordeste (SPMNE), antes de serem trazidos para a Para\u00edba, todos os migrantes fizeram o teste da Covid-19 e nenhum resultado deu positivo.<\/p>\n\n\n\n<p>Mesmo assim, todos ficar\u00e3o em quarentena na Casa do Migrante, dentro do per\u00edodo orientado pelos \u00f3rg\u00e3os de sa\u00fade, seguindo os protocolos de seguran\u00e7a indicados pela Organiza\u00e7\u00e3o Mundial da Sa\u00fade (OMS).<\/p>\n\n\n\n<p>Todos ser\u00e3o testados novamente pela Secretaria de Sa\u00fade do Conde e, somente ap\u00f3s a nova confirma\u00e7\u00e3o, passar\u00e3o a sair em busca de oportunidades de trabalho com o objetivo de recome\u00e7ar suas vidas com esperan\u00e7a e dignidade, de acordo com o SPMNE.<\/p>\n\n\n\n<p>Segundo a coordenadora da Casa do Migrante, Auric\u00e9lia Rossana, com nesse grupo a casa passa a ter acolhido desde, julho de 2018, cerca de 277 pessoas. A institui\u00e7\u00e3o funciona como um abrigo tempor\u00e1rio, onde as pessoas abrigadas passam em m\u00e9dia 3 meses.<\/p>\n\n\n\n<p>A casa tenta inserir os migrantes no mercado de trabalho, dando orienta\u00e7\u00f5es sobre o contexto local, oferecendo curso de portugu\u00eas e outras atividades, como rodas de conversa sobre sa\u00fade mental, em parceria com a Universidade Federal da Para\u00edba.<\/p>\n\n\n\n<p>COM G1<\/p>\n","protected":false},"excerpt":{"rendered":"<p>A Casa do Migrante acolheu 28 pessoas em situa\u00e7\u00e3o de ref\u00fagio, vindas da Venezuela, nesta segunda-feira (27). O grupo chega na cidade de Conde, na&hellip; <\/p>\n","protected":false},"author":1,"featured_media":180970,"comment_status":"closed","ping_status":"closed","sticky":false,"template":"","format":"standard","meta":{"sfsi_plus_gutenberg_text_before_share":"","sfsi_plus_gutenberg_show_text_before_share":"","sfsi_plus_gutenberg_icon_type":"","sfsi_plus_gutenberg_icon_alignemt":"","sfsi_plus_gutenburg_max_per_row":"","footnotes":""},"categories":[2],"tags":[],"class_list":["post-180918","post","type-post","status-publish","format-standard","has-post-thumbnail","hentry","category-geral"],"_links":{"self":[{"href":"https:\/\/www.caririemacao.com\/1\/wp-json\/wp\/v2\/posts\/180918","targetHints":{"allow":["GET"]}}],"collection":[{"href":"https:\/\/www.caririemacao.com\/1\/wp-json\/wp\/v2\/posts"}],"about":[{"href":"https:\/\/www.caririemacao.com\/1\/wp-json\/wp\/v2\/types\/post"}],"author":[{"embeddable":true,"href":"https:\/\/www.caririemacao.com\/1\/wp-json\/wp\/v2\/users\/1"}],"replies":[{"embeddable":true,"href":"https:\/\/www.caririemacao.com\/1\/wp-json\/wp\/v2\/comments?post=180918"}],"version-history":[{"count":1,"href":"https:\/\/www.caririemacao.com\/1\/wp-json\/wp\/v2\/posts\/180918\/revisions"}],"predecessor-version":[{"id":180971,"href":"https:\/\/www.caririemacao.com\/1\/wp-json\/wp\/v2\/posts\/180918\/revisions\/180971"}],"wp:featuredmedia":[{"embeddable":true,"href":"https:\/\/www.caririemacao.com\/1\/wp-json\/wp\/v2\/media\/180970"}],"wp:attachment":[{"href":"https:\/\/www.caririemacao.com\/1\/wp-json\/wp\/v2\/media?parent=180918"}],"wp:term":[{"taxonomy":"category","embeddable":true,"href":"https:\/\/www.caririemacao.com\/1\/wp-json\/wp\/v2\/categories?post=180918"},{"taxonomy":"post_tag","embeddable":true,"href":"https:\/\/www.caririemacao.com\/1\/wp-json\/wp\/v2\/tags?post=180918"}],"curies":[{"name":"wp","href":"https:\/\/api.w.org\/{rel}","templated":true}]}}