{"id":180919,"date":"2020-07-28T11:39:26","date_gmt":"2020-07-28T14:39:26","guid":{"rendered":"https:\/\/www.caririemacao.com\/1\/?p=180919"},"modified":"2020-07-28T11:39:26","modified_gmt":"2020-07-28T14:39:26","slug":"oposicao-de-sao-sebastiao-do-umbuzeiro-define-nomes-para-disputar-as-eleicoes-deste-ano","status":"publish","type":"post","link":"https:\/\/www.caririemacao.com\/1\/2020\/07\/28\/oposicao-de-sao-sebastiao-do-umbuzeiro-define-nomes-para-disputar-as-eleicoes-deste-ano\/","title":{"rendered":"Oposi\u00e7\u00e3o de S\u00e3o Sebasti\u00e3o do Umbuzeiro define nomes para disputar as elei\u00e7\u00f5es deste ano"},"content":{"rendered":"\n<p>O grupo de oposi\u00e7\u00e3o ao atual prefeito Adriano Wolff definiu os nomes que ir\u00e3o disputar as elei\u00e7\u00f5es deste ano na cidade de S\u00e3o Sebasti\u00e3o do Umbuzeiro.<\/p>\n\n\n\n<p>O nome do atual vereador Luiz foi definido como pr\u00e9-candidato \u00e0 prefeito e  Renata Fernandes, esposa do ex-prefeito Alexandre Fernandes, como pr\u00e9-candidata a vice-prefeita.<\/p>\n\n\n\n<p>Os nomes \u00e9 o resultado da uni\u00e3o do PSDB e MDB.<\/p>\n","protected":false},"excerpt":{"rendered":"<p>O grupo de oposi\u00e7\u00e3o ao atual prefeito Adriano Wolff definiu os nomes que ir\u00e3o disputar as elei\u00e7\u00f5es deste ano na cidade de S\u00e3o Sebasti\u00e3o do&hellip; <\/p>\n","protected":false},"author":1,"featured_media":180920,"comment_status":"closed","ping_status":"closed","sticky":false,"template":"","format":"standard","meta":{"sfsi_plus_gutenberg_text_before_share":"","sfsi_plus_gutenberg_show_text_before_share":"","sfsi_plus_gutenberg_icon_type":"","sfsi_plus_gutenberg_icon_alignemt":"","sfsi_plus_gutenburg_max_per_row":"","footnotes":""},"categories":[50,92],"tags":[],"class_list":["post-180919","post","type-post","status-publish","format-standard","has-post-thumbnail","hentry","category-destaque","category-sao-sebastiao-do-umbuzeiro"],"_links":{"self":[{"href":"https:\/\/www.caririemacao.com\/1\/wp-json\/wp\/v2\/posts\/180919","targetHints":{"allow":["GET"]}}],"collection":[{"href":"https:\/\/www.caririemacao.com\/1\/wp-json\/wp\/v2\/posts"}],"about":[{"href":"https:\/\/www.caririemacao.com\/1\/wp-json\/wp\/v2\/types\/post"}],"author":[{"embeddable":true,"href":"https:\/\/www.caririemacao.com\/1\/wp-json\/wp\/v2\/users\/1"}],"replies":[{"embeddable":true,"href":"https:\/\/www.caririemacao.com\/1\/wp-json\/wp\/v2\/comments?post=180919"}],"version-history":[{"count":1,"href":"https:\/\/www.caririemacao.com\/1\/wp-json\/wp\/v2\/posts\/180919\/revisions"}],"predecessor-version":[{"id":180922,"href":"https:\/\/www.caririemacao.com\/1\/wp-json\/wp\/v2\/posts\/180919\/revisions\/180922"}],"wp:featuredmedia":[{"embeddable":true,"href":"https:\/\/www.caririemacao.com\/1\/wp-json\/wp\/v2\/media\/180920"}],"wp:attachment":[{"href":"https:\/\/www.caririemacao.com\/1\/wp-json\/wp\/v2\/media?parent=180919"}],"wp:term":[{"taxonomy":"category","embeddable":true,"href":"https:\/\/www.caririemacao.com\/1\/wp-json\/wp\/v2\/categories?post=180919"},{"taxonomy":"post_tag","embeddable":true,"href":"https:\/\/www.caririemacao.com\/1\/wp-json\/wp\/v2\/tags?post=180919"}],"curies":[{"name":"wp","href":"https:\/\/api.w.org\/{rel}","templated":true}]}}