{"id":180925,"date":"2020-07-28T13:34:18","date_gmt":"2020-07-28T16:34:18","guid":{"rendered":"https:\/\/www.caririemacao.com\/1\/?p=180925"},"modified":"2020-07-28T13:34:18","modified_gmt":"2020-07-28T16:34:18","slug":"agricultor-e-executado-a-tiros-dentro-de-casa-na-zona-rural-de-monteiro","status":"publish","type":"post","link":"https:\/\/www.caririemacao.com\/1\/2020\/07\/28\/agricultor-e-executado-a-tiros-dentro-de-casa-na-zona-rural-de-monteiro\/","title":{"rendered":"Agricultor \u00e9 executado a tiros dentro de casa na zona rural de Monteiro"},"content":{"rendered":"\n<h1 class=\"wp-block-heading\"><\/h1>\n\n\n\n<p>Um agricultor foi executado a tiros de arma de fogo na noite deste s\u00e1bado, 25, no S\u00edtio Cacimba de Cima, zona rural do munic\u00edpio de Monteiro.<\/p>\n\n\n\n<p>De acordo com informa\u00e7\u00f5es, a v\u00edtima, conhecida popularmente como Gen\u00e1rio Deodado, estava em sua resid\u00eancia, quando um elemento n\u00e3o identificado invadiu a casa e efetuou disparos de arma de fogo contra o agricultor, que n\u00e3o resistiu e veio a \u00f3bito.<\/p>\n\n\n\n<p>A Pol\u00edcia realizou dilig\u00eancias no sentido de localizar e prender o acusado, sem \u00eaxito at\u00e9 o momento.<\/p>\n","protected":false},"excerpt":{"rendered":"<p>Um agricultor foi executado a tiros de arma de fogo na noite deste s\u00e1bado, 25, no S\u00edtio Cacimba de Cima, zona rural do munic\u00edpio de&hellip; <\/p>\n","protected":false},"author":2,"featured_media":180926,"comment_status":"closed","ping_status":"closed","sticky":false,"template":"","format":"standard","meta":{"sfsi_plus_gutenberg_text_before_share":"","sfsi_plus_gutenberg_show_text_before_share":"","sfsi_plus_gutenberg_icon_type":"","sfsi_plus_gutenberg_icon_alignemt":"","sfsi_plus_gutenburg_max_per_row":"","footnotes":""},"categories":[50,2],"tags":[],"class_list":["post-180925","post","type-post","status-publish","format-standard","has-post-thumbnail","hentry","category-destaque","category-geral"],"_links":{"self":[{"href":"https:\/\/www.caririemacao.com\/1\/wp-json\/wp\/v2\/posts\/180925","targetHints":{"allow":["GET"]}}],"collection":[{"href":"https:\/\/www.caririemacao.com\/1\/wp-json\/wp\/v2\/posts"}],"about":[{"href":"https:\/\/www.caririemacao.com\/1\/wp-json\/wp\/v2\/types\/post"}],"author":[{"embeddable":true,"href":"https:\/\/www.caririemacao.com\/1\/wp-json\/wp\/v2\/users\/2"}],"replies":[{"embeddable":true,"href":"https:\/\/www.caririemacao.com\/1\/wp-json\/wp\/v2\/comments?post=180925"}],"version-history":[{"count":1,"href":"https:\/\/www.caririemacao.com\/1\/wp-json\/wp\/v2\/posts\/180925\/revisions"}],"predecessor-version":[{"id":180927,"href":"https:\/\/www.caririemacao.com\/1\/wp-json\/wp\/v2\/posts\/180925\/revisions\/180927"}],"wp:featuredmedia":[{"embeddable":true,"href":"https:\/\/www.caririemacao.com\/1\/wp-json\/wp\/v2\/media\/180926"}],"wp:attachment":[{"href":"https:\/\/www.caririemacao.com\/1\/wp-json\/wp\/v2\/media?parent=180925"}],"wp:term":[{"taxonomy":"category","embeddable":true,"href":"https:\/\/www.caririemacao.com\/1\/wp-json\/wp\/v2\/categories?post=180925"},{"taxonomy":"post_tag","embeddable":true,"href":"https:\/\/www.caririemacao.com\/1\/wp-json\/wp\/v2\/tags?post=180925"}],"curies":[{"name":"wp","href":"https:\/\/api.w.org\/{rel}","templated":true}]}}