{"id":180929,"date":"2020-07-28T13:36:00","date_gmt":"2020-07-28T16:36:00","guid":{"rendered":"https:\/\/www.caririemacao.com\/1\/?p=180929"},"modified":"2020-07-28T13:36:00","modified_gmt":"2020-07-28T16:36:00","slug":"sume-mundo-digital-acontece-entre-os-dias-29-30-e-31-de-julho","status":"publish","type":"post","link":"https:\/\/www.caririemacao.com\/1\/2020\/07\/28\/sume-mundo-digital-acontece-entre-os-dias-29-30-e-31-de-julho\/","title":{"rendered":"Sum\u00e9 Mundo Digital acontece entre os dias 29, 30 e 31 de julho"},"content":{"rendered":"\n<h1 class=\"wp-block-heading\"><\/h1>\n\n\n\n<p>Nos dias 29, 30 e 31 de julho, a partir das 19h, o Cariri paraibano estar\u00e1 debatendo o mundo digital.<\/p>\n\n\n\n<p>O Semin\u00e1rio Digital \u201cSum\u00e9 Mundo Digital\u201d, durante 3 noites muito especiais, estar\u00e1 apresentando tend\u00eancias, debatendo os impactos da pandemia e demonstrando a import\u00e2ncia da sua empresa se aproximar do mundo digital.<\/p>\n\n\n\n<p>Teremos a participa\u00e7\u00e3o dos palestrantes:<\/p>\n\n\n\n<p>&#x1f4f2; (29\/7) Aldo Pacheco \u2013 Consultor de e-commerce<\/p>\n\n\n\n<p>&#x1f4f2; (30\/7) Vinnie de Oliveira \u2013 Consultor de marketing digital<\/p>\n\n\n\n<p>&#x1f4f2; (31\/7) Rodrigo Bosshard \u2013 Consultor de neg\u00f3cios<\/p>\n\n\n\n<p>Convide seus amigos empreendedores e n\u00e3o perca tempo de fazer sua inscri\u00e7\u00e3o. O evento ser\u00e1 AO VIVO e as vagas S\u00c3O LIMITADAS.<\/p>\n","protected":false},"excerpt":{"rendered":"<p>Nos dias 29, 30 e 31 de julho, a partir das 19h, o Cariri paraibano estar\u00e1 debatendo o mundo digital. O Semin\u00e1rio Digital \u201cSum\u00e9 Mundo&hellip; <\/p>\n","protected":false},"author":2,"featured_media":180930,"comment_status":"closed","ping_status":"closed","sticky":false,"template":"","format":"standard","meta":{"sfsi_plus_gutenberg_text_before_share":"","sfsi_plus_gutenberg_show_text_before_share":"","sfsi_plus_gutenberg_icon_type":"","sfsi_plus_gutenberg_icon_alignemt":"","sfsi_plus_gutenburg_max_per_row":"","footnotes":""},"categories":[2],"tags":[],"class_list":["post-180929","post","type-post","status-publish","format-standard","has-post-thumbnail","hentry","category-geral"],"_links":{"self":[{"href":"https:\/\/www.caririemacao.com\/1\/wp-json\/wp\/v2\/posts\/180929","targetHints":{"allow":["GET"]}}],"collection":[{"href":"https:\/\/www.caririemacao.com\/1\/wp-json\/wp\/v2\/posts"}],"about":[{"href":"https:\/\/www.caririemacao.com\/1\/wp-json\/wp\/v2\/types\/post"}],"author":[{"embeddable":true,"href":"https:\/\/www.caririemacao.com\/1\/wp-json\/wp\/v2\/users\/2"}],"replies":[{"embeddable":true,"href":"https:\/\/www.caririemacao.com\/1\/wp-json\/wp\/v2\/comments?post=180929"}],"version-history":[{"count":1,"href":"https:\/\/www.caririemacao.com\/1\/wp-json\/wp\/v2\/posts\/180929\/revisions"}],"predecessor-version":[{"id":180931,"href":"https:\/\/www.caririemacao.com\/1\/wp-json\/wp\/v2\/posts\/180929\/revisions\/180931"}],"wp:featuredmedia":[{"embeddable":true,"href":"https:\/\/www.caririemacao.com\/1\/wp-json\/wp\/v2\/media\/180930"}],"wp:attachment":[{"href":"https:\/\/www.caririemacao.com\/1\/wp-json\/wp\/v2\/media?parent=180929"}],"wp:term":[{"taxonomy":"category","embeddable":true,"href":"https:\/\/www.caririemacao.com\/1\/wp-json\/wp\/v2\/categories?post=180929"},{"taxonomy":"post_tag","embeddable":true,"href":"https:\/\/www.caririemacao.com\/1\/wp-json\/wp\/v2\/tags?post=180929"}],"curies":[{"name":"wp","href":"https:\/\/api.w.org\/{rel}","templated":true}]}}