{"id":180933,"date":"2020-07-28T13:39:37","date_gmt":"2020-07-28T16:39:37","guid":{"rendered":"https:\/\/www.caririemacao.com\/1\/?p=180933"},"modified":"2020-07-28T13:39:37","modified_gmt":"2020-07-28T16:39:37","slug":"sume-registra-7-novos-casos-do-coronavirus-2","status":"publish","type":"post","link":"https:\/\/www.caririemacao.com\/1\/2020\/07\/28\/sume-registra-7-novos-casos-do-coronavirus-2\/","title":{"rendered":"Sum\u00e9 registra 7 novos casos do coronav\u00edrus"},"content":{"rendered":"\n<h1 class=\"wp-block-heading\"><\/h1>\n\n\n\n<p>A Secretaria de Sa\u00fade de Sum\u00e9 confirma 07 casos positivos de Covid-19 no munic\u00edpio, nesta segunda-feira, 27 de julho.<\/p>\n\n\n\n<p>Tratam-se dos seguintes pacientes:<\/p>\n\n\n\n<p>\uf0d8 Mulher 51 anos, Alto Alegre, com comorbidades;<br>\uf0d8 Mulher 48 anos, Carro Quebrado, com comorbidades;<br>\uf0d8 Menor do sexo masculino, 2 anos, Conjunto Pedro Ferreira, sem comorbidades;<br>\uf0d8 Homem 29 anos, Conjunto Habitacional, sem comorbidades;<br>\uf0d8 Mulher 33 anos, Conjunto Habitacional, com comorbidades;<br>\uf0d8 Homem, 24 anos, Centro, sem comorbidades;<br>\uf0d8 Mulher 45 anos, Santa Rosa, sem comorbidades.<\/p>\n\n\n\n<p>Hoje tamb\u00e9m foram recuperados 04 casos.<\/p>\n\n\n\n<p>Assim, o munic\u00edpio de Sum\u00e9 tem 180 casos positivos, 110 recuperados, 68 ativos e 02 \u00f3bitos.<\/p>\n","protected":false},"excerpt":{"rendered":"<p>A Secretaria de Sa\u00fade de Sum\u00e9 confirma 07 casos positivos de Covid-19 no munic\u00edpio, nesta segunda-feira, 27 de julho. Tratam-se dos seguintes pacientes: \uf0d8 Mulher&hellip; <\/p>\n","protected":false},"author":2,"featured_media":180934,"comment_status":"closed","ping_status":"closed","sticky":false,"template":"","format":"standard","meta":{"sfsi_plus_gutenberg_text_before_share":"","sfsi_plus_gutenberg_show_text_before_share":"","sfsi_plus_gutenberg_icon_type":"","sfsi_plus_gutenberg_icon_alignemt":"","sfsi_plus_gutenburg_max_per_row":"","footnotes":""},"categories":[50,2],"tags":[],"class_list":["post-180933","post","type-post","status-publish","format-standard","has-post-thumbnail","hentry","category-destaque","category-geral"],"_links":{"self":[{"href":"https:\/\/www.caririemacao.com\/1\/wp-json\/wp\/v2\/posts\/180933","targetHints":{"allow":["GET"]}}],"collection":[{"href":"https:\/\/www.caririemacao.com\/1\/wp-json\/wp\/v2\/posts"}],"about":[{"href":"https:\/\/www.caririemacao.com\/1\/wp-json\/wp\/v2\/types\/post"}],"author":[{"embeddable":true,"href":"https:\/\/www.caririemacao.com\/1\/wp-json\/wp\/v2\/users\/2"}],"replies":[{"embeddable":true,"href":"https:\/\/www.caririemacao.com\/1\/wp-json\/wp\/v2\/comments?post=180933"}],"version-history":[{"count":1,"href":"https:\/\/www.caririemacao.com\/1\/wp-json\/wp\/v2\/posts\/180933\/revisions"}],"predecessor-version":[{"id":180935,"href":"https:\/\/www.caririemacao.com\/1\/wp-json\/wp\/v2\/posts\/180933\/revisions\/180935"}],"wp:featuredmedia":[{"embeddable":true,"href":"https:\/\/www.caririemacao.com\/1\/wp-json\/wp\/v2\/media\/180934"}],"wp:attachment":[{"href":"https:\/\/www.caririemacao.com\/1\/wp-json\/wp\/v2\/media?parent=180933"}],"wp:term":[{"taxonomy":"category","embeddable":true,"href":"https:\/\/www.caririemacao.com\/1\/wp-json\/wp\/v2\/categories?post=180933"},{"taxonomy":"post_tag","embeddable":true,"href":"https:\/\/www.caririemacao.com\/1\/wp-json\/wp\/v2\/tags?post=180933"}],"curies":[{"name":"wp","href":"https:\/\/api.w.org\/{rel}","templated":true}]}}