{"id":180937,"date":"2020-07-28T13:44:39","date_gmt":"2020-07-28T16:44:39","guid":{"rendered":"https:\/\/www.caririemacao.com\/1\/?p=180937"},"modified":"2020-07-28T13:44:39","modified_gmt":"2020-07-28T16:44:39","slug":"o-nordeste-seco-perde-com-o-falecimento-de-manelito-a-sua-voz-lamenta-cassio-cunha-lima","status":"publish","type":"post","link":"https:\/\/www.caririemacao.com\/1\/2020\/07\/28\/o-nordeste-seco-perde-com-o-falecimento-de-manelito-a-sua-voz-lamenta-cassio-cunha-lima\/","title":{"rendered":"&#8221;O Nordeste seco perde, com o falecimento de Manelito, a sua voz&#8221;, lamenta C\u00e1ssio Cunha Lima"},"content":{"rendered":"\n<h1 class=\"wp-block-heading\"><\/h1>\n\n\n\n<p>&#8221;Com ele aprendi muito sobre a vida, sobre as pessoas, mas, principalmente sobre o semi\u00e1rido&#8221;, disse C\u00e1ssio Cunha Lima sobre Manelito Dantas,&nbsp;<a href=\"https:\/\/www.clickpb.com.br\/paraiba\/morre-aos-83-anos-seu-manelito-primo-de-ariano-suassuna-e-responsavel-pela-fazenda-carnauba-em-taperoa-288452.html\">que morreu na manh\u00e3 desta ter\u00e7a-feira (28), em Campina Grande.<\/a><\/p>\n\n\n\n<p>&#8221;O Nordeste seco perde, com o falecimento de Manelito, a sua voz, mas este Nordeste n\u00e3o ficar\u00e1 \u00f3rf\u00e3o porque ele preparou com muito cuidado as filhas e filhos para continuar semeando&#8221;, completou C\u00e1ssio, repetindo o ensinamento de Manelito de que n\u00e3o se combate a seca, se convive com ela.<\/p>\n\n\n\n<p>De acordo com o pol\u00edtico paraibano, a Fazenda Carna\u00faba \u00e9 um exemplo, uma fam\u00edlia de &#8221;nordestinos verdadeiros&#8221; que d\u00e3o exemplo ao Brasil e ao mundo. &nbsp;<\/p>\n\n\n\n<p>&#8221;Tenho certeza que o exemplo dele ser\u00e1 transmitido de gera\u00e7\u00e3o para gera\u00e7\u00e3o por tudo que ele representa para o semi\u00e1rido e por tudo que ele fez pelo Nordeste seco&#8221;, comentou lembrando que teve o privil\u00e9gio de conviver com Manelito Dantas por muitos anos.<\/p>\n","protected":false},"excerpt":{"rendered":"<p>&#8221;Com ele aprendi muito sobre a vida, sobre as pessoas, mas, principalmente sobre o semi\u00e1rido&#8221;, disse C\u00e1ssio Cunha Lima sobre Manelito Dantas,&nbsp;que morreu na manh\u00e3&hellip; <\/p>\n","protected":false},"author":2,"featured_media":180938,"comment_status":"closed","ping_status":"closed","sticky":false,"template":"","format":"standard","meta":{"sfsi_plus_gutenberg_text_before_share":"","sfsi_plus_gutenberg_show_text_before_share":"","sfsi_plus_gutenberg_icon_type":"","sfsi_plus_gutenberg_icon_alignemt":"","sfsi_plus_gutenburg_max_per_row":"","footnotes":""},"categories":[2],"tags":[],"class_list":["post-180937","post","type-post","status-publish","format-standard","has-post-thumbnail","hentry","category-geral"],"_links":{"self":[{"href":"https:\/\/www.caririemacao.com\/1\/wp-json\/wp\/v2\/posts\/180937","targetHints":{"allow":["GET"]}}],"collection":[{"href":"https:\/\/www.caririemacao.com\/1\/wp-json\/wp\/v2\/posts"}],"about":[{"href":"https:\/\/www.caririemacao.com\/1\/wp-json\/wp\/v2\/types\/post"}],"author":[{"embeddable":true,"href":"https:\/\/www.caririemacao.com\/1\/wp-json\/wp\/v2\/users\/2"}],"replies":[{"embeddable":true,"href":"https:\/\/www.caririemacao.com\/1\/wp-json\/wp\/v2\/comments?post=180937"}],"version-history":[{"count":1,"href":"https:\/\/www.caririemacao.com\/1\/wp-json\/wp\/v2\/posts\/180937\/revisions"}],"predecessor-version":[{"id":180939,"href":"https:\/\/www.caririemacao.com\/1\/wp-json\/wp\/v2\/posts\/180937\/revisions\/180939"}],"wp:featuredmedia":[{"embeddable":true,"href":"https:\/\/www.caririemacao.com\/1\/wp-json\/wp\/v2\/media\/180938"}],"wp:attachment":[{"href":"https:\/\/www.caririemacao.com\/1\/wp-json\/wp\/v2\/media?parent=180937"}],"wp:term":[{"taxonomy":"category","embeddable":true,"href":"https:\/\/www.caririemacao.com\/1\/wp-json\/wp\/v2\/categories?post=180937"},{"taxonomy":"post_tag","embeddable":true,"href":"https:\/\/www.caririemacao.com\/1\/wp-json\/wp\/v2\/tags?post=180937"}],"curies":[{"name":"wp","href":"https:\/\/api.w.org\/{rel}","templated":true}]}}