{"id":180941,"date":"2020-07-28T13:49:08","date_gmt":"2020-07-28T16:49:08","guid":{"rendered":"https:\/\/www.caririemacao.com\/1\/?p=180941"},"modified":"2020-07-28T13:49:08","modified_gmt":"2020-07-28T16:49:08","slug":"estado-do-ceara-vai-abrir-concurso-para-12-mil-vagas-na-area-de-saude","status":"publish","type":"post","link":"https:\/\/www.caririemacao.com\/1\/2020\/07\/28\/estado-do-ceara-vai-abrir-concurso-para-12-mil-vagas-na-area-de-saude\/","title":{"rendered":"Estado do Cear\u00e1 vai abrir concurso para 12 mil vagas na \u00e1rea de sa\u00fade"},"content":{"rendered":"\n<h1 class=\"wp-block-heading\"><\/h1>\n\n\n\n<p>A Funda\u00e7\u00e3o de Sa\u00fade do Cear\u00e1 vai abrir cerca de 12 mil vagas para profissionais da sa\u00fade por meio de concurso p\u00fablico. A informa\u00e7\u00e3o \u00e9 do secret\u00e1rio de Sa\u00fade do Cear\u00e1, Carlos Martins Rodrigues Sobrinho, em entrevista a R\u00e1dio O POVO CBN nesta ter\u00e7a-feira (28).<\/p>\n\n\n\n<p>De acordo com o secret\u00e1rio, houve parceria com o instituto de gest\u00e3o do Hospital Albert Einstein para redimensionar as unidades de sa\u00fade do Cear\u00e1 e avaliar a propor\u00e7\u00e3o do concurso p\u00fablico.<\/p>\n\n\n\n<p>Os hospitais Geral de Fortaleza e de Messejana j\u00e1 foram redimensionados e ir\u00e3o lan\u00e7ar concurso de seis mil vagas.<\/p>\n\n\n\n<p>\u201cIsso vai fazer uma abertura de mercado de trabalho, com sal\u00e1rio muito diferenciado e forma de contrata\u00e7\u00e3o muito diferenciada\u201d, explicou o secret\u00e1rio.&nbsp;<\/p>\n\n\n\n<p>A Funsa\u00fade ser\u00e1 respons\u00e1vel por desenvolver e executar de forma regionalizada a\u00e7\u00f5es e servi\u00e7os de sa\u00fade estaduais, no \u00e2mbito do Sistema \u00danico de Sa\u00fade (SUS).<\/p>\n\n\n\n<p>N\u00e3o foram divulgadas datas da divulga\u00e7\u00e3o de editais.<\/p>\n","protected":false},"excerpt":{"rendered":"<p>A Funda\u00e7\u00e3o de Sa\u00fade do Cear\u00e1 vai abrir cerca de 12 mil vagas para profissionais da sa\u00fade por meio de concurso p\u00fablico. A informa\u00e7\u00e3o \u00e9&hellip; <\/p>\n","protected":false},"author":2,"featured_media":180942,"comment_status":"closed","ping_status":"closed","sticky":false,"template":"","format":"standard","meta":{"sfsi_plus_gutenberg_text_before_share":"","sfsi_plus_gutenberg_show_text_before_share":"","sfsi_plus_gutenberg_icon_type":"","sfsi_plus_gutenberg_icon_alignemt":"","sfsi_plus_gutenburg_max_per_row":"","footnotes":""},"categories":[16],"tags":[],"class_list":["post-180941","post","type-post","status-publish","format-standard","has-post-thumbnail","hentry","category-saude"],"_links":{"self":[{"href":"https:\/\/www.caririemacao.com\/1\/wp-json\/wp\/v2\/posts\/180941","targetHints":{"allow":["GET"]}}],"collection":[{"href":"https:\/\/www.caririemacao.com\/1\/wp-json\/wp\/v2\/posts"}],"about":[{"href":"https:\/\/www.caririemacao.com\/1\/wp-json\/wp\/v2\/types\/post"}],"author":[{"embeddable":true,"href":"https:\/\/www.caririemacao.com\/1\/wp-json\/wp\/v2\/users\/2"}],"replies":[{"embeddable":true,"href":"https:\/\/www.caririemacao.com\/1\/wp-json\/wp\/v2\/comments?post=180941"}],"version-history":[{"count":1,"href":"https:\/\/www.caririemacao.com\/1\/wp-json\/wp\/v2\/posts\/180941\/revisions"}],"predecessor-version":[{"id":180943,"href":"https:\/\/www.caririemacao.com\/1\/wp-json\/wp\/v2\/posts\/180941\/revisions\/180943"}],"wp:featuredmedia":[{"embeddable":true,"href":"https:\/\/www.caririemacao.com\/1\/wp-json\/wp\/v2\/media\/180942"}],"wp:attachment":[{"href":"https:\/\/www.caririemacao.com\/1\/wp-json\/wp\/v2\/media?parent=180941"}],"wp:term":[{"taxonomy":"category","embeddable":true,"href":"https:\/\/www.caririemacao.com\/1\/wp-json\/wp\/v2\/categories?post=180941"},{"taxonomy":"post_tag","embeddable":true,"href":"https:\/\/www.caririemacao.com\/1\/wp-json\/wp\/v2\/tags?post=180941"}],"curies":[{"name":"wp","href":"https:\/\/api.w.org\/{rel}","templated":true}]}}