{"id":180945,"date":"2020-07-28T15:13:01","date_gmt":"2020-07-28T18:13:01","guid":{"rendered":"https:\/\/www.caririemacao.com\/1\/?p=180945"},"modified":"2020-07-28T15:13:01","modified_gmt":"2020-07-28T18:13:01","slug":"prefeito-junior-nobrega-lamenta-morte-de-manelito-dantas","status":"publish","type":"post","link":"https:\/\/www.caririemacao.com\/1\/2020\/07\/28\/prefeito-junior-nobrega-lamenta-morte-de-manelito-dantas\/","title":{"rendered":"Prefeito J\u00fanior N\u00f3brega lamenta morte de Manelito Dantas"},"content":{"rendered":"\n<p>O prefeito da cidade da Prata, J\u00fanior N\u00f3brega , lamentou a morte do engenheiro, Manoel Dantas Villar Filho, de 83 anos, que ocorreu na manh\u00e3 desta ter\u00e7a-feira (28), em Campina Grande, por complica\u00e7\u00f5es decorrentes de uma cirurgia.<\/p>\n\n\n\n<p>O prefeito J\u00fanior N\u00f3brega lamenta a  perda do grande homem que foi Manoel, mais conhecido como Manelito. E se solidariza com toda a fam\u00edlia e amigos. <\/p>\n\n\n\n<p>\u201c\u00c9 com pesar que recebemos a not\u00edcia da morte nesta ter\u00e7a-feira 28, de Manelito Dantas. Quero manifestar minhas condol\u00eancias \u00e0 fam\u00edlia e aos amigos\u201d, comentou.<\/p>\n","protected":false},"excerpt":{"rendered":"<p>O prefeito da cidade da Prata, J\u00fanior N\u00f3brega , lamentou a morte do engenheiro, Manoel Dantas Villar Filho, de 83 anos, que ocorreu na manh\u00e3&hellip; <\/p>\n","protected":false},"author":1,"featured_media":180956,"comment_status":"closed","ping_status":"closed","sticky":false,"template":"","format":"standard","meta":{"sfsi_plus_gutenberg_text_before_share":"","sfsi_plus_gutenberg_show_text_before_share":"","sfsi_plus_gutenberg_icon_type":"","sfsi_plus_gutenberg_icon_alignemt":"","sfsi_plus_gutenburg_max_per_row":"","footnotes":""},"categories":[2],"tags":[],"class_list":["post-180945","post","type-post","status-publish","format-standard","has-post-thumbnail","hentry","category-geral"],"_links":{"self":[{"href":"https:\/\/www.caririemacao.com\/1\/wp-json\/wp\/v2\/posts\/180945","targetHints":{"allow":["GET"]}}],"collection":[{"href":"https:\/\/www.caririemacao.com\/1\/wp-json\/wp\/v2\/posts"}],"about":[{"href":"https:\/\/www.caririemacao.com\/1\/wp-json\/wp\/v2\/types\/post"}],"author":[{"embeddable":true,"href":"https:\/\/www.caririemacao.com\/1\/wp-json\/wp\/v2\/users\/1"}],"replies":[{"embeddable":true,"href":"https:\/\/www.caririemacao.com\/1\/wp-json\/wp\/v2\/comments?post=180945"}],"version-history":[{"count":1,"href":"https:\/\/www.caririemacao.com\/1\/wp-json\/wp\/v2\/posts\/180945\/revisions"}],"predecessor-version":[{"id":180957,"href":"https:\/\/www.caririemacao.com\/1\/wp-json\/wp\/v2\/posts\/180945\/revisions\/180957"}],"wp:featuredmedia":[{"embeddable":true,"href":"https:\/\/www.caririemacao.com\/1\/wp-json\/wp\/v2\/media\/180956"}],"wp:attachment":[{"href":"https:\/\/www.caririemacao.com\/1\/wp-json\/wp\/v2\/media?parent=180945"}],"wp:term":[{"taxonomy":"category","embeddable":true,"href":"https:\/\/www.caririemacao.com\/1\/wp-json\/wp\/v2\/categories?post=180945"},{"taxonomy":"post_tag","embeddable":true,"href":"https:\/\/www.caririemacao.com\/1\/wp-json\/wp\/v2\/tags?post=180945"}],"curies":[{"name":"wp","href":"https:\/\/api.w.org\/{rel}","templated":true}]}}