{"id":180958,"date":"2020-07-28T15:49:09","date_gmt":"2020-07-28T18:49:09","guid":{"rendered":"https:\/\/www.caririemacao.com\/1\/?p=180958"},"modified":"2020-07-28T15:49:09","modified_gmt":"2020-07-28T18:49:09","slug":"dupla-amarra-e-estupra-mulher-em-matagal-no-conde-na-paraiba","status":"publish","type":"post","link":"https:\/\/www.caririemacao.com\/1\/2020\/07\/28\/dupla-amarra-e-estupra-mulher-em-matagal-no-conde-na-paraiba\/","title":{"rendered":"Dupla amarra e estupra mulher em matagal no Conde, na Para\u00edba"},"content":{"rendered":"\n<p>Dois homens armados estupraram uma mulher depois de capturar e amarrar ela e o homem que a acompanhava no caminho de volta para casa. O crime aconteceu na noite desta segunda-feira (28), perto da Capela S\u00e3o Francisco na zona rural da cidade de Conde, na Para\u00edba.<\/p>\n\n\n\n<p>Segundo informa\u00e7\u00f5es da Pol\u00edcia Militar, todos os dias a mulher, uma auxiliar de eventos de 22 anos, voltava do trabalho para casa acompanhada do rapaz, o marido da prima dela, encarregado de busc\u00e1-la de moto.<\/p>\n\n\n\n<p>Nesta segunda-feira, ambos foram surpreendidos no caminho pela dupla, que estava a p\u00e9 e armada. Os dois foram amarrados com al\u00e7as de uma mochila e levados para um matagal, pr\u00f3ximo a um s\u00edtio. Ap\u00f3s o estupro, a dupla tamb\u00e9m levou os celulares das v\u00edtimas. Em seguida os criminosos fugiram na moto do rapaz. As v\u00edtimas conseguiram se soltar e foram para casa e acionaram a pol\u00edcia.<\/p>\n\n\n\n<p>Buscas foram realizadas pela Pol\u00edcia Militar na regi\u00e3o, mas nenhum suspeito foi preso.<\/p>\n\n\n\n<p>COM G1<\/p>\n","protected":false},"excerpt":{"rendered":"<p>Dois homens armados estupraram uma mulher depois de capturar e amarrar ela e o homem que a acompanhava no caminho de volta para casa. O&hellip; <\/p>\n","protected":false},"author":1,"featured_media":177208,"comment_status":"closed","ping_status":"closed","sticky":false,"template":"","format":"standard","meta":{"sfsi_plus_gutenberg_text_before_share":"","sfsi_plus_gutenberg_show_text_before_share":"","sfsi_plus_gutenberg_icon_type":"","sfsi_plus_gutenberg_icon_alignemt":"","sfsi_plus_gutenburg_max_per_row":"","footnotes":""},"categories":[65,12],"tags":[],"class_list":["post-180958","post","type-post","status-publish","format-standard","has-post-thumbnail","hentry","category-cariri-em-acao-tv","category-policia"],"_links":{"self":[{"href":"https:\/\/www.caririemacao.com\/1\/wp-json\/wp\/v2\/posts\/180958","targetHints":{"allow":["GET"]}}],"collection":[{"href":"https:\/\/www.caririemacao.com\/1\/wp-json\/wp\/v2\/posts"}],"about":[{"href":"https:\/\/www.caririemacao.com\/1\/wp-json\/wp\/v2\/types\/post"}],"author":[{"embeddable":true,"href":"https:\/\/www.caririemacao.com\/1\/wp-json\/wp\/v2\/users\/1"}],"replies":[{"embeddable":true,"href":"https:\/\/www.caririemacao.com\/1\/wp-json\/wp\/v2\/comments?post=180958"}],"version-history":[{"count":1,"href":"https:\/\/www.caririemacao.com\/1\/wp-json\/wp\/v2\/posts\/180958\/revisions"}],"predecessor-version":[{"id":180966,"href":"https:\/\/www.caririemacao.com\/1\/wp-json\/wp\/v2\/posts\/180958\/revisions\/180966"}],"wp:featuredmedia":[{"embeddable":true,"href":"https:\/\/www.caririemacao.com\/1\/wp-json\/wp\/v2\/media\/177208"}],"wp:attachment":[{"href":"https:\/\/www.caririemacao.com\/1\/wp-json\/wp\/v2\/media?parent=180958"}],"wp:term":[{"taxonomy":"category","embeddable":true,"href":"https:\/\/www.caririemacao.com\/1\/wp-json\/wp\/v2\/categories?post=180958"},{"taxonomy":"post_tag","embeddable":true,"href":"https:\/\/www.caririemacao.com\/1\/wp-json\/wp\/v2\/tags?post=180958"}],"curies":[{"name":"wp","href":"https:\/\/api.w.org\/{rel}","templated":true}]}}