{"id":180959,"date":"2020-07-28T15:40:13","date_gmt":"2020-07-28T18:40:13","guid":{"rendered":"https:\/\/www.caririemacao.com\/1\/?p=180959"},"modified":"2020-07-28T15:40:13","modified_gmt":"2020-07-28T18:40:13","slug":"prefeito-sandro-moco-emite-mensagem-em-homeagem-ao-dia-do-agricultor","status":"publish","type":"post","link":"https:\/\/www.caririemacao.com\/1\/2020\/07\/28\/prefeito-sandro-moco-emite-mensagem-em-homeagem-ao-dia-do-agricultor\/","title":{"rendered":"Prefeito Sandro M\u00f4co emite mensagem em homeagem ao Dia do Agricultor"},"content":{"rendered":"\n<p>O Prefeito do Munic\u00edpio de Camala\u00fa, Sandro M\u00f4co, publicou na manh\u00e3 desta ter\u00e7a-feira 28, uma mensagem em homenagem a todos os agricultores do munic\u00edpio, e tamb\u00e9m, parabenizando a todos de um modo geral.<\/p>\n\n\n\n<p>&#8220;Nosso compromisso com a agricultura em nossa Camala\u00fa segue afirme com todo assist\u00eancia ao homem do campo que \u00e9 respons\u00e1vel pelos alimentos que chegam em nossas mesas, investimentos na \u00e1rea se fazem necess\u00e1rios sempre. Aproveito a oportunidade para parabenizar esses nobres guerreiros&#8221;, afirmou o prefeito, Sandro M\u00f4co<\/p>\n","protected":false},"excerpt":{"rendered":"<p>O Prefeito do Munic\u00edpio de Camala\u00fa, Sandro M\u00f4co, publicou na manh\u00e3 desta ter\u00e7a-feira 28, uma mensagem em homenagem a todos os agricultores do munic\u00edpio, e&hellip; <\/p>\n","protected":false},"author":1,"featured_media":180961,"comment_status":"closed","ping_status":"closed","sticky":false,"template":"","format":"standard","meta":{"sfsi_plus_gutenberg_text_before_share":"","sfsi_plus_gutenberg_show_text_before_share":"","sfsi_plus_gutenberg_icon_type":"","sfsi_plus_gutenberg_icon_alignemt":"","sfsi_plus_gutenburg_max_per_row":"","footnotes":""},"categories":[6],"tags":[],"class_list":["post-180959","post","type-post","status-publish","format-standard","has-post-thumbnail","hentry","category-cidades"],"_links":{"self":[{"href":"https:\/\/www.caririemacao.com\/1\/wp-json\/wp\/v2\/posts\/180959","targetHints":{"allow":["GET"]}}],"collection":[{"href":"https:\/\/www.caririemacao.com\/1\/wp-json\/wp\/v2\/posts"}],"about":[{"href":"https:\/\/www.caririemacao.com\/1\/wp-json\/wp\/v2\/types\/post"}],"author":[{"embeddable":true,"href":"https:\/\/www.caririemacao.com\/1\/wp-json\/wp\/v2\/users\/1"}],"replies":[{"embeddable":true,"href":"https:\/\/www.caririemacao.com\/1\/wp-json\/wp\/v2\/comments?post=180959"}],"version-history":[{"count":2,"href":"https:\/\/www.caririemacao.com\/1\/wp-json\/wp\/v2\/posts\/180959\/revisions"}],"predecessor-version":[{"id":180962,"href":"https:\/\/www.caririemacao.com\/1\/wp-json\/wp\/v2\/posts\/180959\/revisions\/180962"}],"wp:featuredmedia":[{"embeddable":true,"href":"https:\/\/www.caririemacao.com\/1\/wp-json\/wp\/v2\/media\/180961"}],"wp:attachment":[{"href":"https:\/\/www.caririemacao.com\/1\/wp-json\/wp\/v2\/media?parent=180959"}],"wp:term":[{"taxonomy":"category","embeddable":true,"href":"https:\/\/www.caririemacao.com\/1\/wp-json\/wp\/v2\/categories?post=180959"},{"taxonomy":"post_tag","embeddable":true,"href":"https:\/\/www.caririemacao.com\/1\/wp-json\/wp\/v2\/tags?post=180959"}],"curies":[{"name":"wp","href":"https:\/\/api.w.org\/{rel}","templated":true}]}}