{"id":180963,"date":"2020-07-28T15:48:55","date_gmt":"2020-07-28T18:48:55","guid":{"rendered":"https:\/\/www.caririemacao.com\/1\/?p=180963"},"modified":"2020-07-28T15:48:55","modified_gmt":"2020-07-28T18:48:55","slug":"prefeito-jefferson-roberto-publica-mensagem-em-homenagem-ao-dia-do-agricultor","status":"publish","type":"post","link":"https:\/\/www.caririemacao.com\/1\/2020\/07\/28\/prefeito-jefferson-roberto-publica-mensagem-em-homenagem-ao-dia-do-agricultor\/","title":{"rendered":"Prefeito Jefferson Roberto publica mensagem em homenagem ao Dia do Agricultor"},"content":{"rendered":"\n<p>O prefeito do Munic\u00edpio de S\u00e3o Jos\u00e9 dos Cordeiros, Jefferson Roberto, publicou em suas redes sociais uma mensagem em homenagem ao Dia do Agricultor, parabenizando a todos os agricultores do munic\u00edpio. <\/p>\n\n\n\n<p>&#8220;Aos nossos agricultores e agricultoras nossa gratid\u00e3o por tudo, \u00e9 um prazer poder trabalhar em prol de quem coloca a comida nas nossas mesas&#8221;, disse o prefeito, Jefferson Roberto. <\/p>\n","protected":false},"excerpt":{"rendered":"<p>O prefeito do Munic\u00edpio de S\u00e3o Jos\u00e9 dos Cordeiros, Jefferson Roberto, publicou em suas redes sociais uma mensagem em homenagem ao Dia do Agricultor, parabenizando&hellip; <\/p>\n","protected":false},"author":1,"featured_media":180964,"comment_status":"closed","ping_status":"closed","sticky":false,"template":"","format":"standard","meta":{"sfsi_plus_gutenberg_text_before_share":"","sfsi_plus_gutenberg_show_text_before_share":"","sfsi_plus_gutenberg_icon_type":"","sfsi_plus_gutenberg_icon_alignemt":"","sfsi_plus_gutenburg_max_per_row":"","footnotes":""},"categories":[6],"tags":[],"class_list":["post-180963","post","type-post","status-publish","format-standard","has-post-thumbnail","hentry","category-cidades"],"_links":{"self":[{"href":"https:\/\/www.caririemacao.com\/1\/wp-json\/wp\/v2\/posts\/180963","targetHints":{"allow":["GET"]}}],"collection":[{"href":"https:\/\/www.caririemacao.com\/1\/wp-json\/wp\/v2\/posts"}],"about":[{"href":"https:\/\/www.caririemacao.com\/1\/wp-json\/wp\/v2\/types\/post"}],"author":[{"embeddable":true,"href":"https:\/\/www.caririemacao.com\/1\/wp-json\/wp\/v2\/users\/1"}],"replies":[{"embeddable":true,"href":"https:\/\/www.caririemacao.com\/1\/wp-json\/wp\/v2\/comments?post=180963"}],"version-history":[{"count":1,"href":"https:\/\/www.caririemacao.com\/1\/wp-json\/wp\/v2\/posts\/180963\/revisions"}],"predecessor-version":[{"id":180965,"href":"https:\/\/www.caririemacao.com\/1\/wp-json\/wp\/v2\/posts\/180963\/revisions\/180965"}],"wp:featuredmedia":[{"embeddable":true,"href":"https:\/\/www.caririemacao.com\/1\/wp-json\/wp\/v2\/media\/180964"}],"wp:attachment":[{"href":"https:\/\/www.caririemacao.com\/1\/wp-json\/wp\/v2\/media?parent=180963"}],"wp:term":[{"taxonomy":"category","embeddable":true,"href":"https:\/\/www.caririemacao.com\/1\/wp-json\/wp\/v2\/categories?post=180963"},{"taxonomy":"post_tag","embeddable":true,"href":"https:\/\/www.caririemacao.com\/1\/wp-json\/wp\/v2\/tags?post=180963"}],"curies":[{"name":"wp","href":"https:\/\/api.w.org\/{rel}","templated":true}]}}