{"id":180967,"date":"2020-07-28T16:00:07","date_gmt":"2020-07-28T19:00:07","guid":{"rendered":"https:\/\/www.caririemacao.com\/1\/?p=180967"},"modified":"2020-07-28T16:00:07","modified_gmt":"2020-07-28T19:00:07","slug":"procon-notifica-sete-academias-por-irregularidades-em-medidas-de-seguranca-em-joao-pessoa","status":"publish","type":"post","link":"https:\/\/www.caririemacao.com\/1\/2020\/07\/28\/procon-notifica-sete-academias-por-irregularidades-em-medidas-de-seguranca-em-joao-pessoa\/","title":{"rendered":"Procon notifica sete academias por irregularidades em medidas de seguran\u00e7a, em Jo\u00e3o Pessoa"},"content":{"rendered":"\n<p>Uma fiscaliza\u00e7\u00e3o realizada por equipes do Procon-JP e da Secretaria de Seguran\u00e7a Urbana e Cidadania (Semusb), na segunda-feira (27), em 11 academias, notificou sete estabelecimentos por falta de demarca\u00e7\u00e3o das m\u00e1quinas, irregularidades a respeito dos bebedouros, distanciamentos das esteiras e cadeiras na recep\u00e7\u00e3o. As academias fiscalizadas foram as localizadas nos bairros de Cabo Branco, Mana\u00edra, Bessa, Mangabeira e Altiplano.<\/p>\n\n\n\n<p>De acordo com o Procon-JP, com a\u00a0reabertura das academias na capital, que faz parte da quarta etapa do Plano de Flexibiliza\u00e7\u00e3o da Prefeitura de Jo\u00e3o Pessoa, o objetivo da &#8220;Opera\u00e7\u00e3o Prote\u00e7\u00e3o&#8221; \u00e9 garantir a seguran\u00e7a sanit\u00e1ria das pessoas que far\u00e3o uso dos estabelecimentos, fiscalizando e orientando para que as empresas cumpram os protocolos.<\/p>\n\n\n\n<p>De acordo com a secret\u00e1ria do Procon-JP, Maristela Viana, a a\u00e7\u00e3o \u00e9 de fundamental import\u00e2ncia para garantir a seguran\u00e7a dos que buscam as academias nesta reabertura e tamb\u00e9m para os profissionais que est\u00e3o atuando nesses locais.<\/p>\n\n\n\n<p>\u201cEstamos intensificando a fiscaliza\u00e7\u00e3o para que as academias cumpram as medidas de seguran\u00e7a para impedir a propaga\u00e7\u00e3o do coronav\u00edrus e que os alunos possam fazer suas atividades f\u00edsicas com seguran\u00e7a\u201d, disse.<\/p>\n\n\n\n<p>Segundo a secretaria, est\u00e3o sendo analisados pelos fiscais os seguintes itens: o limite de 50% da capacidade de alunos; atendimento individual e por agendamento; n\u00e3o realiza\u00e7\u00e3o de aulas coletivas; uso obrigat\u00f3rio de m\u00e1scaras por todos os funcion\u00e1rios e alunos; distanciamento m\u00ednimo de 1,5 metros entre as pessoas; distanciamento de aparelho, equipamentos e m\u00e1quinas de, no m\u00ednimo, 1,5 metro; disponibilidade de \u00e1lcool em gel; limpeza permanente dos aparelhos depois do uso para o pr\u00f3ximo aluno; e proibi\u00e7\u00e3o do uso de bebedouro.<\/p>\n\n\n\n<p>Ainda conforme o Procon-JP, as fiscaliza\u00e7\u00f5es continuam nesta ter\u00e7a-feira (28) e dever\u00e3o ser visitadas as academias pr\u00f3ximas \u00e0 orla e nos bairros de Mangabeira e dos Banc\u00e1rios.<\/p>\n\n\n\n<p>COM G1<\/p>\n","protected":false},"excerpt":{"rendered":"<p>Uma fiscaliza\u00e7\u00e3o realizada por equipes do Procon-JP e da Secretaria de Seguran\u00e7a Urbana e Cidadania (Semusb), na segunda-feira (27), em 11 academias, notificou sete estabelecimentos&hellip; <\/p>\n","protected":false},"author":1,"featured_media":180968,"comment_status":"closed","ping_status":"closed","sticky":false,"template":"","format":"standard","meta":{"sfsi_plus_gutenberg_text_before_share":"","sfsi_plus_gutenberg_show_text_before_share":"","sfsi_plus_gutenberg_icon_type":"","sfsi_plus_gutenberg_icon_alignemt":"","sfsi_plus_gutenburg_max_per_row":"","footnotes":""},"categories":[12],"tags":[],"class_list":["post-180967","post","type-post","status-publish","format-standard","has-post-thumbnail","hentry","category-policia"],"_links":{"self":[{"href":"https:\/\/www.caririemacao.com\/1\/wp-json\/wp\/v2\/posts\/180967","targetHints":{"allow":["GET"]}}],"collection":[{"href":"https:\/\/www.caririemacao.com\/1\/wp-json\/wp\/v2\/posts"}],"about":[{"href":"https:\/\/www.caririemacao.com\/1\/wp-json\/wp\/v2\/types\/post"}],"author":[{"embeddable":true,"href":"https:\/\/www.caririemacao.com\/1\/wp-json\/wp\/v2\/users\/1"}],"replies":[{"embeddable":true,"href":"https:\/\/www.caririemacao.com\/1\/wp-json\/wp\/v2\/comments?post=180967"}],"version-history":[{"count":1,"href":"https:\/\/www.caririemacao.com\/1\/wp-json\/wp\/v2\/posts\/180967\/revisions"}],"predecessor-version":[{"id":180969,"href":"https:\/\/www.caririemacao.com\/1\/wp-json\/wp\/v2\/posts\/180967\/revisions\/180969"}],"wp:featuredmedia":[{"embeddable":true,"href":"https:\/\/www.caririemacao.com\/1\/wp-json\/wp\/v2\/media\/180968"}],"wp:attachment":[{"href":"https:\/\/www.caririemacao.com\/1\/wp-json\/wp\/v2\/media?parent=180967"}],"wp:term":[{"taxonomy":"category","embeddable":true,"href":"https:\/\/www.caririemacao.com\/1\/wp-json\/wp\/v2\/categories?post=180967"},{"taxonomy":"post_tag","embeddable":true,"href":"https:\/\/www.caririemacao.com\/1\/wp-json\/wp\/v2\/tags?post=180967"}],"curies":[{"name":"wp","href":"https:\/\/api.w.org\/{rel}","templated":true}]}}