{"id":180973,"date":"2020-07-28T16:49:21","date_gmt":"2020-07-28T19:49:21","guid":{"rendered":"https:\/\/www.caririemacao.com\/1\/?p=180973"},"modified":"2020-07-28T16:49:21","modified_gmt":"2020-07-28T19:49:21","slug":"luto-na-televisao-brasileira-morre-rodrigo-rodrigues-aos-45-anos","status":"publish","type":"post","link":"https:\/\/www.caririemacao.com\/1\/2020\/07\/28\/luto-na-televisao-brasileira-morre-rodrigo-rodrigues-aos-45-anos\/","title":{"rendered":"Luto na televis\u00e3o brasileira: morre Rodrigo Rodrigues, aos 45 anos"},"content":{"rendered":"\n<p>A televis\u00e3o brasileira est\u00e1 de luto. Aos 45 anos, morreu nesta ter\u00e7a-feira o apresentador Rodrigo Rodrigues, v\u00edtima de trombose venosa cerebral decorrente da Covid-19. O jornalista estava internado por complica\u00e7\u00f5es do novo coronav\u00edrus desde o \u00faltimo s\u00e1bado na unidade de terapia intensiva do Hospital da Unimed, no Rio de Janeiro.<\/p>\n\n\n\n<p>Com o bom humor caracter\u00edstico e a compet\u00eancia indiscut\u00edvel, Rodrigo Rodrigues deixou sua marca por onde passou. Desde janeiro de 2019 na Globo, o apresentador conquistou a confian\u00e7a de todos, e diversos colegas logo se tornaram amigos tamb\u00e9m fora do ambiente de trabalho.<\/p>\n\n\n\n<figure class=\"wp-block-image\"><img decoding=\"async\" data-src=\"https:\/\/s2.glbimg.com\/phZUMQdgjxGX8cjpiY9kWpIyYg4=\/0x0:1280x853\/984x0\/smart\/filters:strip_icc()\/s.glbimg.com\/es\/ge\/f\/original\/2019\/03\/26\/whatsapp_image_2019-03-15_at_13.40.58.jpeg\" alt=\"Rodrigo Rodrigues chegou \u00e0 Globo em janeiro de 2019 \u2014 Foto: arquivo pessoal\" src=\"data:image\/svg+xml;base64,PHN2ZyB3aWR0aD0iMSIgaGVpZ2h0PSIxIiB4bWxucz0iaHR0cDovL3d3dy53My5vcmcvMjAwMC9zdmciPjwvc3ZnPg==\" class=\"lazyload\" \/><\/figure>\n\n\n\n<p>Rodrigo Rodrigues chegou \u00e0 Globo em janeiro de 2019 \u2014 Foto: arquivo pessoal<\/p>\n\n\n\n<p>A morte de Rodrigo abre uma ferida que vai muito al\u00e9m do profissional insubstitu\u00edvel. Dentro e fora da Globo, dezenas de pessoas sentem a perda de um amigo. E a fam\u00edlia chora a partida de um parente que conquistou uma legi\u00e3o de admiradores.<\/p>\n\n\n\n<p>Rodrigo Rodrigues apresentou o Troca de Passes pela \u00faltima vez no dia 9 de julho, quando relatou que um amigo com quem tivera contato recente testou positivo. No dia 13, o apresentador fez o exame, que tamb\u00e9m diagnosticou a Covid-19. Desde ent\u00e3o, cumpriu o isolamento em casa, com acompanhamento da equipe m\u00e9dica da Globo.<\/p>\n\n\n\n<figure class=\"wp-block-image\"><img decoding=\"async\" data-src=\"https:\/\/s03.video.glbimg.com\/x240\/8732394.jpg\" alt=\"Andr\u00e9 Rizek se emociona ao falar da morte do apresentador Rodrigo Rodrigues\" title=\"Andr\u00e9 Rizek se emociona ao falar da morte do apresentador Rodrigo Rodrigues\" src=\"data:image\/svg+xml;base64,PHN2ZyB3aWR0aD0iMSIgaGVpZ2h0PSIxIiB4bWxucz0iaHR0cDovL3d3dy53My5vcmcvMjAwMC9zdmciPjwvc3ZnPg==\" class=\"lazyload\" \/><\/figure>\n\n\n\n<p>Andr\u00e9 Rizek se emociona ao falar da morte do apresentador Rodrigo Rodrigues<\/p>\n\n\n\n<p>Inicialmente, apresentou sintomas leves, como falta de paladar e olfato, mas disse que se sentia bem. No entanto, a situa\u00e7\u00e3o mudou no \u00faltimo s\u00e1bado, quando deu entrada no hospital com v\u00f4mitos, desorienta\u00e7\u00e3o e dor de cabe\u00e7a.<\/p>\n\n\n\n<p>De acordo com o boletim m\u00e9dico do hospital, foi diagnosticada uma trombose venosa cerebral, e o apresentador passou por uma cirurgia na noite de domingo para aliviar a press\u00e3o intracraniana. Nesta ter\u00e7a, por\u00e9m, ele n\u00e3o resistiu e teve morte encef\u00e1lica confirmada.<\/p>\n\n\n\n<p>Rodrigo Rodrigues foi um dos grandes nomes da televis\u00e3o brasileira nas \u00faltimas d\u00e9cadas. Iniciou a carreira em 1995, na Rede Vida, embora s\u00f3 fosse ingressar na faculdade de Jornalismo dois anos mais tarde. Em 2001, aceitou um convite da TV Cultura para integrar a equipe do programa &#8220;Vitrine&#8221;, apresentado por Marcelo Tas. Rodrigo ficou por l\u00e1 at\u00e9 meados de 2003 e, na sequ\u00eancia, teve passagem curta como rep\u00f3rter no SBT.<\/p>\n\n\n\n<p>J\u00e1 em 2005, mudou-se para a TV Bandeirantes e, em seguida, retornou para a TV Cultura, desta vez para ancorar o &#8220;Cultura-Meio Dia&#8221; ao lado de Maria J\u00falia Coutinho. Ele permaneceu na fun\u00e7\u00e3o at\u00e9 2010.<\/p>\n\n\n\n<p>Em janeiro de 2011, Rodrigo ingressou na \u00e1rea de onde n\u00e3o sairia mais: o esporte. Assumiu a fun\u00e7\u00e3o de apresentador do &#8220;Bate-Bola&#8221;, da ESPN Brasil. Ganhou espa\u00e7o e admira\u00e7\u00e3o gra\u00e7as \u00e0 forma leve e descontra\u00edda de transmitir informa\u00e7\u00e3o aos telespectadores. Entre idas e vindas, passou tamb\u00e9m pela TV Gazeta, pelo Esporte Interativo e pela R\u00e1dio Globo antes de ser contratado pela Globo no in\u00edcio de 2019.<\/p>\n\n\n\n<p>Com carreira consolidada, Rodrigo Rodrigues chegou \u00e0 equipe de esporte da Globo como refor\u00e7o de peso. Come\u00e7ou com apari\u00e7\u00f5es em diferentes programas do SporTV e apresentou em algumas oportunidades o Globo Esporte de S\u00e3o Paulo. Em agosto, como mais um reconhecimento de sua compet\u00eancia, tornou-se \u00e2ncora fixo do Troca de Passes.<\/p>\n\n\n\n<figure class=\"wp-block-image\"><img decoding=\"async\" data-src=\"https:\/\/s03.video.glbimg.com\/x240\/8019306.jpg\" alt=\"Rodrigo Rodrigues chama intervalo para ajeitar banco e arranca risadas no &quot;Troca de Passes&quot;\" title=\"Rodrigo Rodrigues chama intervalo para ajeitar banco e arranca risadas no &quot;Troca de Passes&quot;\" src=\"data:image\/svg+xml;base64,PHN2ZyB3aWR0aD0iMSIgaGVpZ2h0PSIxIiB4bWxucz0iaHR0cDovL3d3dy53My5vcmcvMjAwMC9zdmciPjwvc3ZnPg==\" class=\"lazyload\" \/><\/figure>\n\n\n\n<p>Rodrigo Rodrigues chama intervalo para ajeitar banco e arranca risadas no &#8220;Troca de Passes&#8221;<\/p>\n\n\n\n<p>Dentro e fora da televis\u00e3o, Rodrigo Rodrigues tinha outra paix\u00e3o que carregava desde a inf\u00e2ncia: a m\u00fasica. Em participa\u00e7\u00e3o no &#8220;Doming\u00e3o do Faust\u00e3o&#8221; em mar\u00e7o de 2020, ele contou que o interesse pelas artes come\u00e7ou cedo, com o desenho. Na sequ\u00eancia, veio o viol\u00e3o.<\/p>\n\n\n\n<p>Em 2008, Rodrigo montou a banda &#8220;The Soundtrackers&#8221;, especializada em tocar trilhas de grandes sucessos do cinema. Guitarrista do grupo, ele dividia seu tempo entre o jornalismo e a m\u00fasica. Tamb\u00e9m encontrava espa\u00e7o na agenda para escrever livros relacionados ao ambiente musical, como &#8220;As Aventuras da Blitz&#8221; e &#8220;Almanaque da M\u00fasica Pop no Cinema&#8221;.<\/p>\n\n\n\n<figure class=\"wp-block-image\"><img decoding=\"async\" src=\"https:\/\/s2.glbimg.com\/6PRzoCUcihyrqQpFd_BWbfIt4DE=\/0x0:1280x1094\/984x0\/smart\/filters:strip_icc()\/i.s3.glbimg.com\/v1\/AUTH_bc8228b6673f488aa253bbcb03c80ec5\/internal_photos\/bs\/2019\/4\/k\/ElSll6TtK0xcnEnRzrBQ\/rr-pet-xavier.jfif\" alt=\"Rodrigo Rodrigues com os comentaristas Sergio Xavier e Petkovic \u2014 Foto: Divulga\u00e7\u00e3o\"\/><\/figure>\n\n\n\n<p>Rodrigo Rodrigues com os comentaristas Sergio Xavier e Petkovic \u2014 Foto: Divulga\u00e7\u00e3o<\/p>\n\n\n\n<p>Na tela ou no palco, Rodrigo Rodrigues desempenhou suas fun\u00e7\u00f5es com o brilhantismo de um dos gigantes da comunica\u00e7\u00e3o brasileira no s\u00e9culo 21.<\/p>\n\n\n\n<p>com g1<\/p>\n","protected":false},"excerpt":{"rendered":"<p>A televis\u00e3o brasileira est\u00e1 de luto. Aos 45 anos, morreu nesta ter\u00e7a-feira o apresentador Rodrigo Rodrigues, v\u00edtima de trombose venosa cerebral decorrente da Covid-19. O&hellip; <\/p>\n","protected":false},"author":1,"featured_media":180977,"comment_status":"closed","ping_status":"closed","sticky":false,"template":"","format":"standard","meta":{"sfsi_plus_gutenberg_text_before_share":"","sfsi_plus_gutenberg_show_text_before_share":"","sfsi_plus_gutenberg_icon_type":"","sfsi_plus_gutenberg_icon_alignemt":"","sfsi_plus_gutenburg_max_per_row":"","footnotes":""},"categories":[50],"tags":[],"class_list":["post-180973","post","type-post","status-publish","format-standard","has-post-thumbnail","hentry","category-destaque"],"_links":{"self":[{"href":"https:\/\/www.caririemacao.com\/1\/wp-json\/wp\/v2\/posts\/180973","targetHints":{"allow":["GET"]}}],"collection":[{"href":"https:\/\/www.caririemacao.com\/1\/wp-json\/wp\/v2\/posts"}],"about":[{"href":"https:\/\/www.caririemacao.com\/1\/wp-json\/wp\/v2\/types\/post"}],"author":[{"embeddable":true,"href":"https:\/\/www.caririemacao.com\/1\/wp-json\/wp\/v2\/users\/1"}],"replies":[{"embeddable":true,"href":"https:\/\/www.caririemacao.com\/1\/wp-json\/wp\/v2\/comments?post=180973"}],"version-history":[{"count":1,"href":"https:\/\/www.caririemacao.com\/1\/wp-json\/wp\/v2\/posts\/180973\/revisions"}],"predecessor-version":[{"id":180978,"href":"https:\/\/www.caririemacao.com\/1\/wp-json\/wp\/v2\/posts\/180973\/revisions\/180978"}],"wp:featuredmedia":[{"embeddable":true,"href":"https:\/\/www.caririemacao.com\/1\/wp-json\/wp\/v2\/media\/180977"}],"wp:attachment":[{"href":"https:\/\/www.caririemacao.com\/1\/wp-json\/wp\/v2\/media?parent=180973"}],"wp:term":[{"taxonomy":"category","embeddable":true,"href":"https:\/\/www.caririemacao.com\/1\/wp-json\/wp\/v2\/categories?post=180973"},{"taxonomy":"post_tag","embeddable":true,"href":"https:\/\/www.caririemacao.com\/1\/wp-json\/wp\/v2\/tags?post=180973"}],"curies":[{"name":"wp","href":"https:\/\/api.w.org\/{rel}","templated":true}]}}