{"id":180976,"date":"2020-07-28T16:58:03","date_gmt":"2020-07-28T19:58:03","guid":{"rendered":"https:\/\/www.caririemacao.com\/1\/?p=180976"},"modified":"2020-07-28T16:58:03","modified_gmt":"2020-07-28T19:58:03","slug":"orca-que-carregou-filhote-morto-por-mais-de-duas-semanas-vai-dar-a-luz-novamente-dizem-biologos","status":"publish","type":"post","link":"https:\/\/www.caririemacao.com\/1\/2020\/07\/28\/orca-que-carregou-filhote-morto-por-mais-de-duas-semanas-vai-dar-a-luz-novamente-dizem-biologos\/","title":{"rendered":"Orca que carregou filhote morto por mais de duas semanas vai dar \u00e0 luz novamente, dizem bi\u00f3logos"},"content":{"rendered":"\n<p>A orca Tahlequah, tamb\u00e9m conhecida como J35, est\u00e1 prenha mais uma vez. \u00c9 o que disseram no domingo (28) os pesquisadores do Southall Environmental Associates (SEA) nos\u00a0Estados Unidos. Em 2018, ela emocionou o mundo por ter carregado,\u00a0durante mais de duas semanas, seu filhote morto pelo oceano.<\/p>\n\n\n\n<p>Duas fotos tiradas por pesquisadores da institui\u00e7\u00e3o registraram uma mudan\u00e7a no corpo de Tahlequah entre setembro de 2019 e julho de 2020. Segundo os bi\u00f3logos da institui\u00e7\u00e3o, o aumento na regi\u00e3o abdominal indica que ela pode estar pr\u00f3xima de dar \u00e0 luz.<\/p>\n\n\n\n<p>As imagens fazem parte de um projeto da institui\u00e7\u00e3o que acompanha a migra\u00e7\u00e3o dos animais marinhos com o uso de drones. Os pesquisadores identificaram tamb\u00e9m que h\u00e1 outras orcas no grupo de Tahlequah que est\u00e3o prenha, em uma gesta\u00e7\u00e3o que pode durar entre 17 e 18 meses.<\/p>\n\n\n\n<figure class=\"wp-block-image\"><img decoding=\"async\" data-src=\"https:\/\/s2.glbimg.com\/P_TC8rpxQZkB8JyCD1LvAwFKt20=\/0x0:2000x1065\/1008x0\/smart\/filters:strip_icc()\/i.s3.glbimg.com\/v1\/AUTH_59edd422c0c84a879bd37670ae4f538a\/internal_photos\/bs\/2018\/s\/h\/OJkuL5QeCZylGhqRNz9w\/ap18207037941304-b.jpg\" alt=\"Orca carrega seu filhote morto em imagem feita no dia 24 de julho. No dia 8 de agosto ela foi vista novamente, ainda carregando o filhote morto. \u2014 Foto: Michael Weiss\/Center for Whale Research via AP\" src=\"data:image\/svg+xml;base64,PHN2ZyB3aWR0aD0iMSIgaGVpZ2h0PSIxIiB4bWxucz0iaHR0cDovL3d3dy53My5vcmcvMjAwMC9zdmciPjwvc3ZnPg==\" class=\"lazyload\" \/><\/figure>\n\n\n\n<p>Orca carrega seu filhote morto em imagem feita no dia 24 de julho. No dia 8 de agosto ela foi vista novamente, ainda carregando o filhote morto. \u2014 Foto: Michael Weiss\/Center for Whale Research via AP<\/p>\n\n\n\n<h2 class=\"wp-block-heading\">Grupo corre perigo de extin\u00e7\u00e3o<\/h2>\n\n\n\n<p>As orcas que vivem na costa norte-americana correm risco de extin\u00e7\u00e3o. Para alimenta\u00e7\u00e3o, elas dependem do salm\u00e3o-rei, esp\u00e9cie que est\u00e1 em decl\u00ednio. A comunidade da futura mam\u00e3e tem cerca de 73 indiv\u00edduos e \u00e9 frequentemente encontrada perto da ilha de Vancouver, no Canad\u00e1.<\/p>\n\n\n\n<p>Pesquisas indicam que s\u00f3 cerca de um ter\u00e7o das orcas nascidas nos \u00faltimos 20 anos sobrevivem. Segundo o centro, nenhuma gravidez nos \u00faltimos tr\u00eas anos produziu um filhote que tenha sobrevivido. A maior parte das mortes se d\u00e1 por conta da falta de alimenta\u00e7\u00e3o.<\/p>\n\n\n\n<p>Ken Balcomb, diretor do Center for Whale Research disse que espera que a situa\u00e7\u00e3o estimule uma mudan\u00e7a fundamental. Ele defende a derrubada de represas no rio Lower Snake, nos EUA, para aumentar as migra\u00e7\u00e3o do salm\u00e3o, alimento natural das orcas.<\/p>\n\n\n\n<p>com g1<\/p>\n","protected":false},"excerpt":{"rendered":"<p>A orca Tahlequah, tamb\u00e9m conhecida como J35, est\u00e1 prenha mais uma vez. \u00c9 o que disseram no domingo (28) os pesquisadores do Southall Environmental Associates&hellip; <\/p>\n","protected":false},"author":1,"featured_media":180980,"comment_status":"closed","ping_status":"closed","sticky":false,"template":"","format":"standard","meta":{"sfsi_plus_gutenberg_text_before_share":"","sfsi_plus_gutenberg_show_text_before_share":"","sfsi_plus_gutenberg_icon_type":"","sfsi_plus_gutenberg_icon_alignemt":"","sfsi_plus_gutenburg_max_per_row":"","footnotes":""},"categories":[2],"tags":[],"class_list":["post-180976","post","type-post","status-publish","format-standard","has-post-thumbnail","hentry","category-geral"],"_links":{"self":[{"href":"https:\/\/www.caririemacao.com\/1\/wp-json\/wp\/v2\/posts\/180976","targetHints":{"allow":["GET"]}}],"collection":[{"href":"https:\/\/www.caririemacao.com\/1\/wp-json\/wp\/v2\/posts"}],"about":[{"href":"https:\/\/www.caririemacao.com\/1\/wp-json\/wp\/v2\/types\/post"}],"author":[{"embeddable":true,"href":"https:\/\/www.caririemacao.com\/1\/wp-json\/wp\/v2\/users\/1"}],"replies":[{"embeddable":true,"href":"https:\/\/www.caririemacao.com\/1\/wp-json\/wp\/v2\/comments?post=180976"}],"version-history":[{"count":1,"href":"https:\/\/www.caririemacao.com\/1\/wp-json\/wp\/v2\/posts\/180976\/revisions"}],"predecessor-version":[{"id":180981,"href":"https:\/\/www.caririemacao.com\/1\/wp-json\/wp\/v2\/posts\/180976\/revisions\/180981"}],"wp:featuredmedia":[{"embeddable":true,"href":"https:\/\/www.caririemacao.com\/1\/wp-json\/wp\/v2\/media\/180980"}],"wp:attachment":[{"href":"https:\/\/www.caririemacao.com\/1\/wp-json\/wp\/v2\/media?parent=180976"}],"wp:term":[{"taxonomy":"category","embeddable":true,"href":"https:\/\/www.caririemacao.com\/1\/wp-json\/wp\/v2\/categories?post=180976"},{"taxonomy":"post_tag","embeddable":true,"href":"https:\/\/www.caririemacao.com\/1\/wp-json\/wp\/v2\/tags?post=180976"}],"curies":[{"name":"wp","href":"https:\/\/api.w.org\/{rel}","templated":true}]}}