{"id":180979,"date":"2020-07-28T17:05:26","date_gmt":"2020-07-28T20:05:26","guid":{"rendered":"https:\/\/www.caririemacao.com\/1\/?p=180979"},"modified":"2020-07-28T17:05:26","modified_gmt":"2020-07-28T20:05:26","slug":"camara-aciona-stf-para-anular-buscas-em-gabinetes-de-deputados","status":"publish","type":"post","link":"https:\/\/www.caririemacao.com\/1\/2020\/07\/28\/camara-aciona-stf-para-anular-buscas-em-gabinetes-de-deputados\/","title":{"rendered":"C\u00e2mara aciona STF para anular buscas em gabinetes de deputados"},"content":{"rendered":"\n<p>A\u00a0C\u00e2mara dos Deputados\u00a0apresentou ao Supremo Tribunal Federal (STF) nesta ter\u00e7a-feira (28) dois pedidos de anula\u00e7\u00e3o das buscas realizadas nos gabinetes dos deputados Paulo Pereira da Silva (SD-SP) \u2013 o Paulinho da For\u00e7a \u2013 e\u00a0Rejane Dias (PT-PI).<\/p>\n\n\n\n<p>No entendimento da Casa, as investiga\u00e7\u00f5es contra os parlamentares e o material eventualmente apreendido devem ser enviados \u00e0 Corte.<\/p>\n\n\n\n<p>As duas a\u00e7\u00f5es da C\u00e2mara foram apresentadas em meio \u00e0 indefini\u00e7\u00e3o sobre qual inst\u00e2ncia deve decidir sobre buscas e apreens\u00f5es em gabinetes de deputados e senadores, que t\u00eam foro privilegiado.<\/p>\n\n\n\n<p>No entendimento da C\u00e2mara, uma busca e apreens\u00e3o no gabinete de parlamentares &#8220;coloca claramente em risco o pleno e regular exerc\u00edcio do mandato&#8221;.<\/p>\n\n\n\n<p>J\u00e1 h\u00e1 no Supremo outros pedidos da C\u00e2mara e do Senado para que a Corte fixe um entendimento sobre qual deve ser o tr\u00e2mite nesses casos. N\u00e3o h\u00e1 previs\u00e3o de quando a quest\u00e3o ser\u00e1 julgada pelos ministros.<\/p>\n\n\n\n<p>O gabinete do deputado Paulinho da For\u00e7a\u00a0foi alvo de buscas no dia 14 de julho, em fase da opera\u00e7\u00e3o Lava Jato. O parlamentar \u00e9 presidente nacional do Solidariedade e \u00e9 suspeito de praticar caixa 2 e lavagem de dinheiro.<\/p>\n\n\n\n<p>Rejane Dias\u00a0foi alvo de buscas nesta segunda-feira (27). As buscas foram parte de uma opera\u00e7\u00e3o que mira irregularidades no setor de educa\u00e7\u00e3o do Piau\u00ed. Segundo a PF, servidores p\u00fablicos e empres\u00e1rios teriam se associado para superfaturar contratos de transporte escolar.<\/p>\n\n\n\n<figure class=\"wp-block-image\"><img decoding=\"async\" data-src=\"https:\/\/s02.video.glbimg.com\/x240\/8731057.jpg\" alt=\"PF faz opera\u00e7\u00e3o de busca no gabinete e em endere\u00e7os da deputada federal Rejane Dias, do PT\" title=\"PF faz opera\u00e7\u00e3o de busca no gabinete e em endere\u00e7os da deputada federal Rejane Dias, do PT\" src=\"data:image\/svg+xml;base64,PHN2ZyB3aWR0aD0iMSIgaGVpZ2h0PSIxIiB4bWxucz0iaHR0cDovL3d3dy53My5vcmcvMjAwMC9zdmciPjwvc3ZnPg==\" class=\"lazyload\" \/><\/figure>\n\n\n\n<p>PF faz opera\u00e7\u00e3o de busca no gabinete e em endere\u00e7os da deputada federal Rejane Dias, do PT<\/p>\n\n\n\n<h2 class=\"wp-block-heading\">Entendimentos diferentes<\/h2>\n\n\n\n<p>No caso de Rejane Dias, a ministra\u00a0Rosa Weber, do STF, entendeu que os fatos investigados s\u00e3o anteriores ao mandato, por isso n\u00e3o caberia o foro privilegiado. Weber devolveu a decis\u00e3o para a primeira inst\u00e2ncia.<\/p>\n\n\n\n<p>Na semana passada, a pedido do Senado, o presidente do STF, Dias Toffoli,\u00a0suspendeu o cumprimento de mandado de busca e apreens\u00e3o no gabinete do senador Jos\u00e9 Serra (PSDB-SP). O tucano \u00e9 investigado na primeira inst\u00e2ncia da Justi\u00e7a Eleitoral por suposto caixa 2 em 2014.<\/p>\n\n\n\n<p>No epis\u00f3dio envolvendo Paulinho da For\u00e7a, o mandado de busca e apreens\u00e3o tamb\u00e9m partiu da primeira inst\u00e2ncia da Justi\u00e7a Eleitoral, por\u00e9m, s\u00f3 est\u00e1 sendo questionada agora no STF.<\/p>\n\n\n\n<figure class=\"wp-block-image\"><img decoding=\"async\" data-src=\"https:\/\/s02.video.glbimg.com\/x240\/8698605.jpg\" alt=\"PF cumpre mandados de busca e apreens\u00e3o em endere\u00e7os ligados ao deputado Paulinho da For\u00e7a\" title=\"PF cumpre mandados de busca e apreens\u00e3o em endere\u00e7os ligados ao deputado Paulinho da For\u00e7a\" src=\"data:image\/svg+xml;base64,PHN2ZyB3aWR0aD0iMSIgaGVpZ2h0PSIxIiB4bWxucz0iaHR0cDovL3d3dy53My5vcmcvMjAwMC9zdmciPjwvc3ZnPg==\" class=\"lazyload\" \/><\/figure>\n\n\n\n<p>PF cumpre mandados de busca e apreens\u00e3o em endere\u00e7os ligados ao deputado Paulinho da For\u00e7a<\/p>\n\n\n\n<p>Pela Constitui\u00e7\u00e3o, deputados e senadores n\u00e3o s\u00e3o obrigados a testemunhar sobre informa\u00e7\u00f5es recebidas ou prestadas em raz\u00e3o do exerc\u00edcio do mandato, nem sobre as pessoas que lhes confiaram ou deles receberam informa\u00e7\u00f5es.<\/p>\n\n\n\n<p>A C\u00e2mara argumenta que um mandado de busca e apreens\u00e3o contra um parlamentar &#8220;sempre colocar\u00e1 em risco essa garantia constitucional&#8221;.<\/p>\n\n\n\n<p>Nos pedidos desta ter\u00e7a ao STF, a C\u00e2mara cita o seguinte exemplo:<\/p>\n\n\n\n<p>&#8220;H\u00e1 parlamentares na C\u00e2mara dos Deputados notoriamente conhecidos por denunciar crimes praticados por mil\u00edcias e grupos de exterm\u00ednio. Outros s\u00e3o conhecidos exatamente por denunciar irregularidades cometidas por tribunais locais, tais como o pagamento de aux\u00edlios e benef\u00edcios inconstitucionais, n\u00e3o previstos no Estatuto da Magistratura. No exerc\u00edcio da atividade parlamentar, esses deputados recebem informa\u00e7\u00f5es, fazem anota\u00e7\u00f5es, produzem arquivos de computador, cujo acesso pode colocar eventualmente em risco n\u00e3o apenas o exerc\u00edcio do mandato, mas a pr\u00f3pria seguran\u00e7a de pessoas que lhes fizeram as den\u00fancias.&#8221;<\/p>\n\n\n\n<p>A C\u00e2mara diz ainda que \u00e9 comum o uso dos gabinetes e da casa dos parlamentares para a realiza\u00e7\u00e3o de reuni\u00f5es com finalidade pol\u00edtica.<\/p>\n\n\n\n<p>&#8220;A busca e apreens\u00e3o, desse modo, coloca em potencial perigo o pleno exerc\u00edcio do mandato, ainda que n\u00e3o implique restri\u00e7\u00e3o direta \u00e0 liberdade&#8221;, afirma.<\/p>\n\n\n\n<p>Com g1<\/p>\n","protected":false},"excerpt":{"rendered":"<p>A\u00a0C\u00e2mara dos Deputados\u00a0apresentou ao Supremo Tribunal Federal (STF) nesta ter\u00e7a-feira (28) dois pedidos de anula\u00e7\u00e3o das buscas realizadas nos gabinetes dos deputados Paulo Pereira da&hellip; <\/p>\n","protected":false},"author":1,"featured_media":180983,"comment_status":"closed","ping_status":"closed","sticky":false,"template":"","format":"standard","meta":{"sfsi_plus_gutenberg_text_before_share":"","sfsi_plus_gutenberg_show_text_before_share":"","sfsi_plus_gutenberg_icon_type":"","sfsi_plus_gutenberg_icon_alignemt":"","sfsi_plus_gutenburg_max_per_row":"","footnotes":""},"categories":[2,11],"tags":[],"class_list":["post-180979","post","type-post","status-publish","format-standard","has-post-thumbnail","hentry","category-geral","category-politica"],"_links":{"self":[{"href":"https:\/\/www.caririemacao.com\/1\/wp-json\/wp\/v2\/posts\/180979","targetHints":{"allow":["GET"]}}],"collection":[{"href":"https:\/\/www.caririemacao.com\/1\/wp-json\/wp\/v2\/posts"}],"about":[{"href":"https:\/\/www.caririemacao.com\/1\/wp-json\/wp\/v2\/types\/post"}],"author":[{"embeddable":true,"href":"https:\/\/www.caririemacao.com\/1\/wp-json\/wp\/v2\/users\/1"}],"replies":[{"embeddable":true,"href":"https:\/\/www.caririemacao.com\/1\/wp-json\/wp\/v2\/comments?post=180979"}],"version-history":[{"count":1,"href":"https:\/\/www.caririemacao.com\/1\/wp-json\/wp\/v2\/posts\/180979\/revisions"}],"predecessor-version":[{"id":180984,"href":"https:\/\/www.caririemacao.com\/1\/wp-json\/wp\/v2\/posts\/180979\/revisions\/180984"}],"wp:featuredmedia":[{"embeddable":true,"href":"https:\/\/www.caririemacao.com\/1\/wp-json\/wp\/v2\/media\/180983"}],"wp:attachment":[{"href":"https:\/\/www.caririemacao.com\/1\/wp-json\/wp\/v2\/media?parent=180979"}],"wp:term":[{"taxonomy":"category","embeddable":true,"href":"https:\/\/www.caririemacao.com\/1\/wp-json\/wp\/v2\/categories?post=180979"},{"taxonomy":"post_tag","embeddable":true,"href":"https:\/\/www.caririemacao.com\/1\/wp-json\/wp\/v2\/tags?post=180979"}],"curies":[{"name":"wp","href":"https:\/\/api.w.org\/{rel}","templated":true}]}}