{"id":180992,"date":"2020-07-28T17:41:28","date_gmt":"2020-07-28T20:41:28","guid":{"rendered":"https:\/\/www.caririemacao.com\/1\/?p=180992"},"modified":"2020-07-28T17:41:28","modified_gmt":"2020-07-28T20:41:28","slug":"tecnico-de-enfermagem-de-22-anos-morre-com-coronavirus-em-mt-a-gripezinha-levou-meu-filho-diz-mae","status":"publish","type":"post","link":"https:\/\/www.caririemacao.com\/1\/2020\/07\/28\/tecnico-de-enfermagem-de-22-anos-morre-com-coronavirus-em-mt-a-gripezinha-levou-meu-filho-diz-mae\/","title":{"rendered":"T\u00e9cnico de enfermagem de 22 anos morre com coronav\u00edrus em MT; &#8216;A gripezinha levou meu filho&#8217;, diz m\u00e3e"},"content":{"rendered":"\n<p>Um jovem t\u00e9cnico de enfermagem morreu no s\u00e1bado (25) v\u00edtima de Covid-19, a doen\u00e7a causada pelo novo coronav\u00edrus, em Primavera do Leste, a 239 km de Cuiab\u00e1. Klediston Kelps, de 22 anos, tinha comorbidades, segundo a Secretaria Municipal de Sa\u00fade.<\/p>\n\n\n\n<blockquote class=\"wp-block-quote is-layout-flow wp-block-quote-is-layout-flow\"><p>&#8220;A gripezinha levou meu filho&#8221;, disse a m\u00e3e dele em uma rede social.<\/p><\/blockquote>\n\n\n\n<figure class=\"wp-block-image\"><img decoding=\"async\" data-src=\"https:\/\/s2.glbimg.com\/7y500mCFbhb9SoRYpZkwfRjb7T4=\/0x207:540x718\/984x0\/smart\/filters:strip_icc()\/i.s3.glbimg.com\/v1\/AUTH_59edd422c0c84a879bd37670ae4f538a\/internal_photos\/bs\/2020\/m\/P\/Io67hoRK2PabVSpa7n5w\/whatsapp-image-2020-07-28-at-14.05.45.jpeg\" alt=\"M\u00e3e postou mensagem ap\u00f3s morte do filho \u2014 Foto: Facebook\/Reprodu\u00e7\u00e3o\" src=\"data:image\/svg+xml;base64,PHN2ZyB3aWR0aD0iMSIgaGVpZ2h0PSIxIiB4bWxucz0iaHR0cDovL3d3dy53My5vcmcvMjAwMC9zdmciPjwvc3ZnPg==\" class=\"lazyload\" \/><\/figure>\n\n\n\n<p>M\u00e3e postou mensagem ap\u00f3s morte do filho \u2014 Foto: Facebook\/Reprodu\u00e7\u00e3o<\/p>\n\n\n\n<p>Ele deu entrada na rede municipal de sa\u00fade no final de junho. O estado de sa\u00fade dele se agravou e no dia 18 de julho e ele foi transferido para a Unidade de Terapia Intensiva (UTI) de um hospital particular onde ficou sete dias internado, por\u00e9m, n\u00e3o resistiu.<\/p>\n\n\n\n<p>A prefeitura lamentou a morte do jovem e disse que no trabalho ele era dedicado, atencioso e cuidadoso.<\/p>\n\n\n\n<p>O jovem atuava em um posto de sa\u00fade, fazia plant\u00f5es no setor de urg\u00eancia e emerg\u00eancia da Unidade de Pronto Atendimento (UPA).<\/p>\n\n\n\n<p>O resultado do exame que confirmou a morte por coronav\u00edrus saiu na segunda-feira (27).<\/p>\n\n\n\n<p>com g1<\/p>\n","protected":false},"excerpt":{"rendered":"<p>Um jovem t\u00e9cnico de enfermagem morreu no s\u00e1bado (25) v\u00edtima de Covid-19, a doen\u00e7a causada pelo novo coronav\u00edrus, em Primavera do Leste, a 239 km&hellip; <\/p>\n","protected":false},"author":1,"featured_media":180993,"comment_status":"closed","ping_status":"closed","sticky":false,"template":"","format":"standard","meta":{"sfsi_plus_gutenberg_text_before_share":"","sfsi_plus_gutenberg_show_text_before_share":"","sfsi_plus_gutenberg_icon_type":"","sfsi_plus_gutenberg_icon_alignemt":"","sfsi_plus_gutenburg_max_per_row":"","footnotes":""},"categories":[2],"tags":[],"class_list":["post-180992","post","type-post","status-publish","format-standard","has-post-thumbnail","hentry","category-geral"],"_links":{"self":[{"href":"https:\/\/www.caririemacao.com\/1\/wp-json\/wp\/v2\/posts\/180992","targetHints":{"allow":["GET"]}}],"collection":[{"href":"https:\/\/www.caririemacao.com\/1\/wp-json\/wp\/v2\/posts"}],"about":[{"href":"https:\/\/www.caririemacao.com\/1\/wp-json\/wp\/v2\/types\/post"}],"author":[{"embeddable":true,"href":"https:\/\/www.caririemacao.com\/1\/wp-json\/wp\/v2\/users\/1"}],"replies":[{"embeddable":true,"href":"https:\/\/www.caririemacao.com\/1\/wp-json\/wp\/v2\/comments?post=180992"}],"version-history":[{"count":1,"href":"https:\/\/www.caririemacao.com\/1\/wp-json\/wp\/v2\/posts\/180992\/revisions"}],"predecessor-version":[{"id":180994,"href":"https:\/\/www.caririemacao.com\/1\/wp-json\/wp\/v2\/posts\/180992\/revisions\/180994"}],"wp:featuredmedia":[{"embeddable":true,"href":"https:\/\/www.caririemacao.com\/1\/wp-json\/wp\/v2\/media\/180993"}],"wp:attachment":[{"href":"https:\/\/www.caririemacao.com\/1\/wp-json\/wp\/v2\/media?parent=180992"}],"wp:term":[{"taxonomy":"category","embeddable":true,"href":"https:\/\/www.caririemacao.com\/1\/wp-json\/wp\/v2\/categories?post=180992"},{"taxonomy":"post_tag","embeddable":true,"href":"https:\/\/www.caririemacao.com\/1\/wp-json\/wp\/v2\/tags?post=180992"}],"curies":[{"name":"wp","href":"https:\/\/api.w.org\/{rel}","templated":true}]}}