{"id":181048,"date":"2020-07-29T07:01:37","date_gmt":"2020-07-29T10:01:37","guid":{"rendered":"https:\/\/www.caririemacao.com\/1\/?p=181048"},"modified":"2020-07-29T07:01:37","modified_gmt":"2020-07-29T10:01:37","slug":"ceara-vence-classico-rei-e-esta-na-final-da-copa-do-nordeste","status":"publish","type":"post","link":"https:\/\/www.caririemacao.com\/1\/2020\/07\/29\/ceara-vence-classico-rei-e-esta-na-final-da-copa-do-nordeste\/","title":{"rendered":"Cear\u00e1 vence Cl\u00e1ssico-Rei e est\u00e1 na final da Copa do Nordeste"},"content":{"rendered":"\n<h2 class=\"wp-block-heading\"><\/h2>\n\n\n\n<p>O Cear\u00e1 \u00e9 o primeiro finalista da Copa do Nordeste de 2020. Em um Cl\u00e1ssico-Rei disputado no Est\u00e1dio de Pitua\u00e7u, em Salvador (BA), o Voz\u00e3o levou a melhor sobre o Fortaleza, venceu por 1 a 0, e acabou com o sonho do rival de conquistar o bicampeonato.<img decoding=\"async\" data-src=\"https:\/\/agenciabrasil.ebc.com.br\/ebc.png?id=1312463&amp;o=node\" src=\"data:image\/svg+xml;base64,PHN2ZyB3aWR0aD0iMSIgaGVpZ2h0PSIxIiB4bWxucz0iaHR0cDovL3d3dy53My5vcmcvMjAwMC9zdmciPjwvc3ZnPg==\" class=\"lazyload\"><img decoding=\"async\" data-src=\"https:\/\/agenciabrasil.ebc.com.br\/ebc.gif?id=1312463&amp;o=node\" src=\"data:image\/svg+xml;base64,PHN2ZyB3aWR0aD0iMSIgaGVpZ2h0PSIxIiB4bWxucz0iaHR0cDovL3d3dy53My5vcmcvMjAwMC9zdmciPjwvc3ZnPg==\" class=\"lazyload\"><\/p>\n\n\n\n<figure><iframe allowfullscreen=\"true\" data-src=\"https:\/\/platform.twitter.com\/embed\/index.html?creatorScreenName=agenciabrasil&amp;dnt=false&amp;embedId=twitter-widget-0&amp;frame=false&amp;hideCard=false&amp;hideThread=false&amp;id=1288299934157090816&amp;lang=pt&amp;origin=https%3A%2F%2Fagenciabrasil.ebc.com.br%2Fesportes%2Fnoticia%2F2020-07%2Fceara-vence-classico-rei-e-esta-na-final-da-copa-do-nordeste&amp;siteScreenName=agenciabrasil&amp;theme=light&amp;widgetsVersion=9066bb2%3A1593540614199&amp;width=550px\" src=\"data:image\/svg+xml;base64,PHN2ZyB3aWR0aD0iMSIgaGVpZ2h0PSIxIiB4bWxucz0iaHR0cDovL3d3dy53My5vcmcvMjAwMC9zdmciPjwvc3ZnPg==\" class=\"lazyload\" data-load-mode=\"1\"><\/iframe><\/figure>\n\n\n\n<p>O primeiro tempo teve muita pegada, discuss\u00e3o, e poucas chances de gol. O Fortaleza n\u00e3o conseguiu se aproximar com perigo no ataque, e o Cear\u00e1 teve uma oportunidade, que converteu em gol. Aos 23 minutos, Vina cobrou falta na \u00e1rea. O zagueiro Klaus apareceu no meio da defesa para cabecear e abrir o placar. O Le\u00e3o do Pici at\u00e9 tentou a resposta no fim, mas encontrou muita dificuldade na cria\u00e7\u00e3o de jogadas.<\/p>\n\n\n\n<figure><iframe allowfullscreen=\"true\" data-src=\"https:\/\/platform.twitter.com\/embed\/index.html?creatorScreenName=agenciabrasil&amp;dnt=false&amp;embedId=twitter-widget-1&amp;frame=false&amp;hideCard=false&amp;hideThread=false&amp;id=1288307989649260544&amp;lang=pt&amp;origin=https%3A%2F%2Fagenciabrasil.ebc.com.br%2Fesportes%2Fnoticia%2F2020-07%2Fceara-vence-classico-rei-e-esta-na-final-da-copa-do-nordeste&amp;siteScreenName=agenciabrasil&amp;theme=light&amp;widgetsVersion=9066bb2%3A1593540614199&amp;width=550px\" src=\"data:image\/svg+xml;base64,PHN2ZyB3aWR0aD0iMSIgaGVpZ2h0PSIxIiB4bWxucz0iaHR0cDovL3d3dy53My5vcmcvMjAwMC9zdmciPjwvc3ZnPg==\" class=\"lazyload\" data-load-mode=\"1\"><\/iframe><\/figure>\n\n\n\n<p>Logo no in\u00edcio da segunda etapa, o Voz\u00e3o mostrou que realmente est\u00e1 treinado, por Guto Ferreira, em lances de bola parada. O Cear\u00e1 quase ampliou o marcador aos 6 minutos. Vina cobrou escanteio pela esquerda e Fabinho apareceu sozinho para cabecear. A bola passou raspando a trave direita de Felipe Alves.<\/p>\n\n\n\n<p>O Fortaleza s\u00f3 foi assustar aos 19 minutos, quando Juninho cobrou falta e Bruno Melo, de cabe\u00e7a, assustou o goleiro Fernando Prass. O Le\u00e3o do Pici ent\u00e3o partiu para o ataque, mas n\u00e3o conseguia furar a defesa do Voz\u00e3o. A melhor oportunidade surgiu aos 35 minutos. Juninho cobrou escanteio pela direita e, no rebote, Yuri C\u00e9sar finalizou na entrada da \u00e1rea. A bola passou por todo mundo, tirando tinta da trave esquerda.Audio Player00:0000:00<strong>Ou\u00e7a na R\u00e1dio Nacional<\/strong><\/p>\n\n\n\n<p>No fim, o time de Rog\u00e9rio Ceni pressionou demais o Cear\u00e1, mas n\u00e3o teve sucesso. Esbarrando nos pr\u00f3prios erros e enfrentando um setor defensivo seguro, o Fortaleza foi eliminado da Copa do Nordeste pelo arquirrival.<\/p>\n\n\n\n<p>Na final, o Cear\u00e1 enfrentar\u00e1 o vencedor da segunda semifinal, que ser\u00e1 disputada entre Bahia e Confian\u00e7a, nesta quarta-feira (29), no Est\u00e1dio de Pitua\u00e7u, \u00e0s 19h30.<\/p>\n\n\n\n<figure><iframe allowfullscreen=\"true\" data-src=\"https:\/\/platform.twitter.com\/embed\/index.html?creatorScreenName=agenciabrasil&amp;dnt=false&amp;embedId=twitter-widget-2&amp;frame=false&amp;hideCard=false&amp;hideThread=false&amp;id=1288305077896335360&amp;lang=pt&amp;origin=https%3A%2F%2Fagenciabrasil.ebc.com.br%2Fesportes%2Fnoticia%2F2020-07%2Fceara-vence-classico-rei-e-esta-na-final-da-copa-do-nordeste&amp;siteScreenName=agenciabrasil&amp;theme=light&amp;widgetsVersion=9066bb2%3A1593540614199&amp;width=550px\" src=\"data:image\/svg+xml;base64,PHN2ZyB3aWR0aD0iMSIgaGVpZ2h0PSIxIiB4bWxucz0iaHR0cDovL3d3dy53My5vcmcvMjAwMC9zdmciPjwvc3ZnPg==\" class=\"lazyload\" data-load-mode=\"1\"><\/iframe><\/figure>\n","protected":false},"excerpt":{"rendered":"<p>O Cear\u00e1 \u00e9 o primeiro finalista da Copa do Nordeste de 2020. Em um Cl\u00e1ssico-Rei disputado no Est\u00e1dio de Pitua\u00e7u, em Salvador (BA), o Voz\u00e3o&hellip; <\/p>\n","protected":false},"author":2,"featured_media":181049,"comment_status":"closed","ping_status":"closed","sticky":false,"template":"","format":"standard","meta":{"sfsi_plus_gutenberg_text_before_share":"","sfsi_plus_gutenberg_show_text_before_share":"","sfsi_plus_gutenberg_icon_type":"","sfsi_plus_gutenberg_icon_alignemt":"","sfsi_plus_gutenburg_max_per_row":"","footnotes":""},"categories":[13],"tags":[],"class_list":["post-181048","post","type-post","status-publish","format-standard","has-post-thumbnail","hentry","category-esportes"],"_links":{"self":[{"href":"https:\/\/www.caririemacao.com\/1\/wp-json\/wp\/v2\/posts\/181048","targetHints":{"allow":["GET"]}}],"collection":[{"href":"https:\/\/www.caririemacao.com\/1\/wp-json\/wp\/v2\/posts"}],"about":[{"href":"https:\/\/www.caririemacao.com\/1\/wp-json\/wp\/v2\/types\/post"}],"author":[{"embeddable":true,"href":"https:\/\/www.caririemacao.com\/1\/wp-json\/wp\/v2\/users\/2"}],"replies":[{"embeddable":true,"href":"https:\/\/www.caririemacao.com\/1\/wp-json\/wp\/v2\/comments?post=181048"}],"version-history":[{"count":1,"href":"https:\/\/www.caririemacao.com\/1\/wp-json\/wp\/v2\/posts\/181048\/revisions"}],"predecessor-version":[{"id":181050,"href":"https:\/\/www.caririemacao.com\/1\/wp-json\/wp\/v2\/posts\/181048\/revisions\/181050"}],"wp:featuredmedia":[{"embeddable":true,"href":"https:\/\/www.caririemacao.com\/1\/wp-json\/wp\/v2\/media\/181049"}],"wp:attachment":[{"href":"https:\/\/www.caririemacao.com\/1\/wp-json\/wp\/v2\/media?parent=181048"}],"wp:term":[{"taxonomy":"category","embeddable":true,"href":"https:\/\/www.caririemacao.com\/1\/wp-json\/wp\/v2\/categories?post=181048"},{"taxonomy":"post_tag","embeddable":true,"href":"https:\/\/www.caririemacao.com\/1\/wp-json\/wp\/v2\/tags?post=181048"}],"curies":[{"name":"wp","href":"https:\/\/api.w.org\/{rel}","templated":true}]}}