{"id":181052,"date":"2020-07-29T07:22:26","date_gmt":"2020-07-29T10:22:26","guid":{"rendered":"https:\/\/www.caririemacao.com\/1\/?p=181052"},"modified":"2020-07-29T07:22:26","modified_gmt":"2020-07-29T10:22:26","slug":"corpo-de-jovem-e-encontrado-com-maos-amarradas-e-perfuracoes-na-cabeca-em-matagal-em-joao-pessoa","status":"publish","type":"post","link":"https:\/\/www.caririemacao.com\/1\/2020\/07\/29\/corpo-de-jovem-e-encontrado-com-maos-amarradas-e-perfuracoes-na-cabeca-em-matagal-em-joao-pessoa\/","title":{"rendered":"Corpo de jovem \u00e9 encontrado com m\u00e3os amarradas e perfura\u00e7\u00f5es na cabe\u00e7a em matagal em Jo\u00e3o Pessoa"},"content":{"rendered":"\n<h1 class=\"wp-block-heading\"><\/h1>\n\n\n\n<p>O corpo de um jovem foi encontrado na tarde desta ter\u00e7a-feira (28),&nbsp;dentro de um matagal de acesso ao Rio Janj\u00e3o, no Bairro das Industrias, Zona Sul de Jo\u00e3o Pessoa.<\/p>\n\n\n\n<p>De acordo com informa\u00e7\u00f5es, o corpo do jovem sem identifica\u00e7\u00e3o, foi encontrado com os bra\u00e7os amarrados para tr\u00e1s e com marcas de tiros na cabe\u00e7a.<\/p>\n\n\n\n<p>Uma per\u00edcia preliminar foi realizada no local e o corpo encaminhado para o Nucleo de Odontologia e Medicina Legal (NUMOL), no bairro do Cristo Redentor, onde ficar\u00e1 aguardando por familiares.&nbsp;<\/p>\n\n\n\n<p>A Delegacia de Crimes Contra a Pessoa (Homic\u00eddios) segue investigando o caso.<\/p>\n","protected":false},"excerpt":{"rendered":"<p>O corpo de um jovem foi encontrado na tarde desta ter\u00e7a-feira (28),&nbsp;dentro de um matagal de acesso ao Rio Janj\u00e3o, no Bairro das Industrias, Zona&hellip; <\/p>\n","protected":false},"author":2,"featured_media":181053,"comment_status":"closed","ping_status":"closed","sticky":false,"template":"","format":"standard","meta":{"sfsi_plus_gutenberg_text_before_share":"","sfsi_plus_gutenberg_show_text_before_share":"","sfsi_plus_gutenberg_icon_type":"","sfsi_plus_gutenberg_icon_alignemt":"","sfsi_plus_gutenburg_max_per_row":"","footnotes":""},"categories":[12],"tags":[],"class_list":["post-181052","post","type-post","status-publish","format-standard","has-post-thumbnail","hentry","category-policia"],"_links":{"self":[{"href":"https:\/\/www.caririemacao.com\/1\/wp-json\/wp\/v2\/posts\/181052","targetHints":{"allow":["GET"]}}],"collection":[{"href":"https:\/\/www.caririemacao.com\/1\/wp-json\/wp\/v2\/posts"}],"about":[{"href":"https:\/\/www.caririemacao.com\/1\/wp-json\/wp\/v2\/types\/post"}],"author":[{"embeddable":true,"href":"https:\/\/www.caririemacao.com\/1\/wp-json\/wp\/v2\/users\/2"}],"replies":[{"embeddable":true,"href":"https:\/\/www.caririemacao.com\/1\/wp-json\/wp\/v2\/comments?post=181052"}],"version-history":[{"count":1,"href":"https:\/\/www.caririemacao.com\/1\/wp-json\/wp\/v2\/posts\/181052\/revisions"}],"predecessor-version":[{"id":181054,"href":"https:\/\/www.caririemacao.com\/1\/wp-json\/wp\/v2\/posts\/181052\/revisions\/181054"}],"wp:featuredmedia":[{"embeddable":true,"href":"https:\/\/www.caririemacao.com\/1\/wp-json\/wp\/v2\/media\/181053"}],"wp:attachment":[{"href":"https:\/\/www.caririemacao.com\/1\/wp-json\/wp\/v2\/media?parent=181052"}],"wp:term":[{"taxonomy":"category","embeddable":true,"href":"https:\/\/www.caririemacao.com\/1\/wp-json\/wp\/v2\/categories?post=181052"},{"taxonomy":"post_tag","embeddable":true,"href":"https:\/\/www.caririemacao.com\/1\/wp-json\/wp\/v2\/tags?post=181052"}],"curies":[{"name":"wp","href":"https:\/\/api.w.org\/{rel}","templated":true}]}}