{"id":181056,"date":"2020-07-29T07:26:40","date_gmt":"2020-07-29T10:26:40","guid":{"rendered":"https:\/\/www.caririemacao.com\/1\/?p=181056"},"modified":"2020-07-29T07:26:40","modified_gmt":"2020-07-29T10:26:40","slug":"paraiba-e-referencia-no-atendimento-a-pacientes-com-esclerose-multipla-durante-pandemia","status":"publish","type":"post","link":"https:\/\/www.caririemacao.com\/1\/2020\/07\/29\/paraiba-e-referencia-no-atendimento-a-pacientes-com-esclerose-multipla-durante-pandemia\/","title":{"rendered":"Para\u00edba \u00e9 refer\u00eancia no atendimento a pacientes com esclerose m\u00faltipla durante pandemia"},"content":{"rendered":"\n<h1 class=\"wp-block-heading\"><\/h1>\n\n\n\n<p>O Centro de Refer\u00eancia em Esclerose M\u00faltipla da Para\u00edba tem sido destaque em todo o Brasil no gerenciamento e monitoramento de pacientes com a doen\u00e7a durante a pandemia do coronav\u00edrus. O Centro foi respons\u00e1vel pelo tratamento de pacientes acometidos pela Covid-19 e vem desenvolvendo trabalhos sociais, al\u00e9m de uma plataforma pr\u00f3pria (em parceria com a Funda\u00e7\u00e3o Centro Integrado de Apoio \u00e0 Pessoa com Defici\u00eancia \u2013 Funad) de informa\u00e7\u00f5es sobre teleconsulta.<\/p>\n\n\n\n<p>\u201cN\u00e3o suspendemos as atividades em nenhum momento durante a pandemia. Temos realizado webmeetings e lives para pacientes e garantimos o atendimento, mesmo que \u00e0 dist\u00e2ncia\u201d, informou a neurologista e coordenadora do Centro, Bianca Oliveira.&nbsp;<\/p>\n\n\n\n<p>Em virtude do trabalho desempenhado na Para\u00edba, a neurologista foi convidada para ser palestrante em um evento nacional destinado a neurologistas gerais e neurologistas especialistas em doen\u00e7as desmielinizantes do pa\u00eds. O evento virtual, intitulado \u2018O tratamento da Esclerose M\u00faltipla em momentos de crise: a experi\u00eancia de dois centros de refer\u00eancia brasileiros\u2019, acontece na pr\u00f3xima quinta-feira, \u00e0s 20h.<\/p>\n\n\n\n<p>\u201cVamos levar esclarecimentos a respeito da Covid-19, das condutas internacionais de tratamento da esclerose m\u00faltipla durante a pandemia, o que mudou e o que mudar\u00e1, al\u00e9m de trocar experi\u00eancias sobre os atendimentos via teleconsulta e presenciais durante a pandemia\u201d, informou Bianca Oliveira, que vai dividir a cena com a coordenadora do Ambulat\u00f3rio de Doen\u00e7as Desmielinizantes e Esclerose M\u00faltipla do Hospital Santa Marcelina (SP), Ana Claudia Piccolo.&nbsp;<\/p>\n","protected":false},"excerpt":{"rendered":"<p>O Centro de Refer\u00eancia em Esclerose M\u00faltipla da Para\u00edba tem sido destaque em todo o Brasil no gerenciamento e monitoramento de pacientes com a doen\u00e7a&hellip; <\/p>\n","protected":false},"author":2,"featured_media":181057,"comment_status":"closed","ping_status":"closed","sticky":false,"template":"","format":"standard","meta":{"sfsi_plus_gutenberg_text_before_share":"","sfsi_plus_gutenberg_show_text_before_share":"","sfsi_plus_gutenberg_icon_type":"","sfsi_plus_gutenberg_icon_alignemt":"","sfsi_plus_gutenburg_max_per_row":"","footnotes":""},"categories":[50,16],"tags":[],"class_list":["post-181056","post","type-post","status-publish","format-standard","has-post-thumbnail","hentry","category-destaque","category-saude"],"_links":{"self":[{"href":"https:\/\/www.caririemacao.com\/1\/wp-json\/wp\/v2\/posts\/181056","targetHints":{"allow":["GET"]}}],"collection":[{"href":"https:\/\/www.caririemacao.com\/1\/wp-json\/wp\/v2\/posts"}],"about":[{"href":"https:\/\/www.caririemacao.com\/1\/wp-json\/wp\/v2\/types\/post"}],"author":[{"embeddable":true,"href":"https:\/\/www.caririemacao.com\/1\/wp-json\/wp\/v2\/users\/2"}],"replies":[{"embeddable":true,"href":"https:\/\/www.caririemacao.com\/1\/wp-json\/wp\/v2\/comments?post=181056"}],"version-history":[{"count":1,"href":"https:\/\/www.caririemacao.com\/1\/wp-json\/wp\/v2\/posts\/181056\/revisions"}],"predecessor-version":[{"id":181058,"href":"https:\/\/www.caririemacao.com\/1\/wp-json\/wp\/v2\/posts\/181056\/revisions\/181058"}],"wp:featuredmedia":[{"embeddable":true,"href":"https:\/\/www.caririemacao.com\/1\/wp-json\/wp\/v2\/media\/181057"}],"wp:attachment":[{"href":"https:\/\/www.caririemacao.com\/1\/wp-json\/wp\/v2\/media?parent=181056"}],"wp:term":[{"taxonomy":"category","embeddable":true,"href":"https:\/\/www.caririemacao.com\/1\/wp-json\/wp\/v2\/categories?post=181056"},{"taxonomy":"post_tag","embeddable":true,"href":"https:\/\/www.caririemacao.com\/1\/wp-json\/wp\/v2\/tags?post=181056"}],"curies":[{"name":"wp","href":"https:\/\/api.w.org\/{rel}","templated":true}]}}