{"id":181076,"date":"2020-07-29T08:45:12","date_gmt":"2020-07-29T11:45:12","guid":{"rendered":"https:\/\/www.caririemacao.com\/1\/?p=181076"},"modified":"2020-07-29T08:45:12","modified_gmt":"2020-07-29T11:45:12","slug":"monteiro-confirma-mais-9-novos-casos-do-coronavirus","status":"publish","type":"post","link":"https:\/\/www.caririemacao.com\/1\/2020\/07\/29\/monteiro-confirma-mais-9-novos-casos-do-coronavirus\/","title":{"rendered":"Monteiro confirma mais 9 novos casos do coronav\u00edrus"},"content":{"rendered":"\n<h1 class=\"wp-block-heading\"><\/h1>\n\n\n\n<p>A Secretaria Municipal de Sa\u00fade de Monteiro informa que nesta ter\u00e7a-feira, 28, mais 09 (nove) novos casos foram confirmados para Covid-19.<\/p>\n\n\n\n<p>Sendo 06 (seis) casos de 18, 22, 23, 28, 41 e 45 anos, sexo feminino e 03 (tr\u00eas) casos de 19, 31 e 60 anos, sexo masculino. Todos permanecem em isolamento domiciliar, acompanhados pela Vigil\u00e2ncia em Sa\u00fade do Munic\u00edpio.<\/p>\n\n\n\n<p>Nesta data foram registrados mais 12 casos RECUPERADOS, totalizando, 185 casos recuperados da COVID-19<\/p>\n","protected":false},"excerpt":{"rendered":"<p>A Secretaria Municipal de Sa\u00fade de Monteiro informa que nesta ter\u00e7a-feira, 28, mais 09 (nove) novos casos foram confirmados para Covid-19. Sendo 06 (seis) casos&hellip; <\/p>\n","protected":false},"author":2,"featured_media":181077,"comment_status":"closed","ping_status":"closed","sticky":false,"template":"","format":"standard","meta":{"sfsi_plus_gutenberg_text_before_share":"","sfsi_plus_gutenberg_show_text_before_share":"","sfsi_plus_gutenberg_icon_type":"","sfsi_plus_gutenberg_icon_alignemt":"","sfsi_plus_gutenburg_max_per_row":"","footnotes":""},"categories":[50,2],"tags":[],"class_list":["post-181076","post","type-post","status-publish","format-standard","has-post-thumbnail","hentry","category-destaque","category-geral"],"_links":{"self":[{"href":"https:\/\/www.caririemacao.com\/1\/wp-json\/wp\/v2\/posts\/181076","targetHints":{"allow":["GET"]}}],"collection":[{"href":"https:\/\/www.caririemacao.com\/1\/wp-json\/wp\/v2\/posts"}],"about":[{"href":"https:\/\/www.caririemacao.com\/1\/wp-json\/wp\/v2\/types\/post"}],"author":[{"embeddable":true,"href":"https:\/\/www.caririemacao.com\/1\/wp-json\/wp\/v2\/users\/2"}],"replies":[{"embeddable":true,"href":"https:\/\/www.caririemacao.com\/1\/wp-json\/wp\/v2\/comments?post=181076"}],"version-history":[{"count":1,"href":"https:\/\/www.caririemacao.com\/1\/wp-json\/wp\/v2\/posts\/181076\/revisions"}],"predecessor-version":[{"id":181078,"href":"https:\/\/www.caririemacao.com\/1\/wp-json\/wp\/v2\/posts\/181076\/revisions\/181078"}],"wp:featuredmedia":[{"embeddable":true,"href":"https:\/\/www.caririemacao.com\/1\/wp-json\/wp\/v2\/media\/181077"}],"wp:attachment":[{"href":"https:\/\/www.caririemacao.com\/1\/wp-json\/wp\/v2\/media?parent=181076"}],"wp:term":[{"taxonomy":"category","embeddable":true,"href":"https:\/\/www.caririemacao.com\/1\/wp-json\/wp\/v2\/categories?post=181076"},{"taxonomy":"post_tag","embeddable":true,"href":"https:\/\/www.caririemacao.com\/1\/wp-json\/wp\/v2\/tags?post=181076"}],"curies":[{"name":"wp","href":"https:\/\/api.w.org\/{rel}","templated":true}]}}