{"id":181083,"date":"2020-07-29T09:07:05","date_gmt":"2020-07-29T12:07:05","guid":{"rendered":"https:\/\/www.caririemacao.com\/1\/?p=181083"},"modified":"2020-07-29T09:07:05","modified_gmt":"2020-07-29T12:07:05","slug":"caraubas-secretaria-de-obras-e-servicos-urbanos-realiza-a-2a-fase-da-operacao-tapa-buracos","status":"publish","type":"post","link":"https:\/\/www.caririemacao.com\/1\/2020\/07\/29\/caraubas-secretaria-de-obras-e-servicos-urbanos-realiza-a-2a-fase-da-operacao-tapa-buracos\/","title":{"rendered":"Cara\u00fabas: Secretaria de Obras e Servi\u00e7os Urbanos realiza a 2\u00aa fase da opera\u00e7\u00e3o &#8216;Tapa Buracos&#8217;"},"content":{"rendered":"\n<p>A Secretaria de Obras P\u00fablicas e Servi\u00e7os Urbanos da Prefeitura Municipal de Cara\u00fabas iniciou este m\u00eas a segunda fase da Opera\u00e7\u00e3o Tapa Buracos das ruas e avenidas da cidade.<\/p>\n\n\n\n<p> Ap\u00f3s o per\u00edodo de inverno e em virtude do desgaste ocasionado pela a\u00e7\u00e3o do tempo, bem como, pelo aumento do fluxo de ve\u00edculos pesados grande parte do cal\u00e7amento cedeu em alguns trechos. <\/p>\n\n\n\n<p>De acordo com o secret\u00e1rio de Obras P\u00fablicas e Servi\u00e7os Urbanos, Jos\u00e9 Marcelo Neves, a parte do piso do cal\u00e7amento j\u00e1 feito h\u00e1 mais de 30 anos cedeu com as fortes chuvas e com o aumento da quantidade de ve\u00edculos pesados que est\u00e3o trafegando pelas ruas da cidade em virtude da interliga\u00e7\u00e3o das cidades feita pelas PB 196 e 186, bem como, pelo volumoso n\u00famero de obras em execu\u00e7\u00e3o na cidade, afirmou ele.<\/p>\n\n\n\n<p>A determina\u00e7\u00e3o do prefeito \u00e9 que possamos recuperar todas as ruas e avenidas que sofreram esse processo de eros\u00e3o. Estamos trabalhando para que possamos concluir toda essa fase da opera\u00e7\u00e3o tapa buracos. Desde o in\u00edcio da atual gest\u00e3o que tem sido intensificada essa a\u00e7\u00e3o para garantir ruas acess\u00edveis a todos os usu\u00e1rios. <\/p>\n\n\n\n<p>A Prefeitura de Cara\u00fabas lan\u00e7ar\u00e1 o Programa Vias Pavimentadas que tem por objetivo cal\u00e7ar as ruas que ainda n\u00e3o tem pavimento. Segundo o prefeito Silvano Dudu s\u00f3 n\u00e3o lan\u00e7amos ainda em virtude das obras de esgotamento sanit\u00e1rio n\u00e3o conclu\u00eddas pela FUNASA e o Governo do Estado. <\/p>\n\n\n\n<p>Recebemos a visita do engenheiro respons\u00e1vel pela nova construtora e o mesmo disse que no in\u00edcio do m\u00eas de agosto estar\u00e3o sendo retomadas as obras. T\u00e3o logo tenhamos as ruas com os sistemas de drenagem e de esgotamento prontos, faremos um grande projeto de pavimenta\u00e7\u00e3o de ruas e avenidas, concluiu o prefeito.J\u00e1 est\u00e3o prontos os projetos de pavimenta\u00e7\u00e3o das ruas Severino Izidoro de Amorim, Jos\u00e9 Aderson do Bonfim, complementa\u00e7\u00e3o da Rua Vereador Jos\u00e9 Clemente de Queiroz e de trecho da Artur Cassimiro. S\u00e3o recursos na ordem de mais de R$ 1.000.000,00 (Hum Milh\u00e3o de Reais).<\/p>\n\n\n\n<p>Fonte: SEPLACOM<\/p>\n\n\n\n<p>Foto: MIGUEL FILHO<\/p>\n","protected":false},"excerpt":{"rendered":"<p>A Secretaria de Obras P\u00fablicas e Servi\u00e7os Urbanos da Prefeitura Municipal de Cara\u00fabas iniciou este m\u00eas a segunda fase da Opera\u00e7\u00e3o Tapa Buracos das ruas&hellip; <\/p>\n","protected":false},"author":1,"featured_media":181092,"comment_status":"closed","ping_status":"closed","sticky":false,"template":"","format":"standard","meta":{"sfsi_plus_gutenberg_text_before_share":"","sfsi_plus_gutenberg_show_text_before_share":"","sfsi_plus_gutenberg_icon_type":"","sfsi_plus_gutenberg_icon_alignemt":"","sfsi_plus_gutenburg_max_per_row":"","footnotes":""},"categories":[6],"tags":[],"class_list":["post-181083","post","type-post","status-publish","format-standard","has-post-thumbnail","hentry","category-cidades"],"_links":{"self":[{"href":"https:\/\/www.caririemacao.com\/1\/wp-json\/wp\/v2\/posts\/181083","targetHints":{"allow":["GET"]}}],"collection":[{"href":"https:\/\/www.caririemacao.com\/1\/wp-json\/wp\/v2\/posts"}],"about":[{"href":"https:\/\/www.caririemacao.com\/1\/wp-json\/wp\/v2\/types\/post"}],"author":[{"embeddable":true,"href":"https:\/\/www.caririemacao.com\/1\/wp-json\/wp\/v2\/users\/1"}],"replies":[{"embeddable":true,"href":"https:\/\/www.caririemacao.com\/1\/wp-json\/wp\/v2\/comments?post=181083"}],"version-history":[{"count":1,"href":"https:\/\/www.caririemacao.com\/1\/wp-json\/wp\/v2\/posts\/181083\/revisions"}],"predecessor-version":[{"id":181093,"href":"https:\/\/www.caririemacao.com\/1\/wp-json\/wp\/v2\/posts\/181083\/revisions\/181093"}],"wp:featuredmedia":[{"embeddable":true,"href":"https:\/\/www.caririemacao.com\/1\/wp-json\/wp\/v2\/media\/181092"}],"wp:attachment":[{"href":"https:\/\/www.caririemacao.com\/1\/wp-json\/wp\/v2\/media?parent=181083"}],"wp:term":[{"taxonomy":"category","embeddable":true,"href":"https:\/\/www.caririemacao.com\/1\/wp-json\/wp\/v2\/categories?post=181083"},{"taxonomy":"post_tag","embeddable":true,"href":"https:\/\/www.caririemacao.com\/1\/wp-json\/wp\/v2\/tags?post=181083"}],"curies":[{"name":"wp","href":"https:\/\/api.w.org\/{rel}","templated":true}]}}