{"id":181087,"date":"2020-07-29T08:54:42","date_gmt":"2020-07-29T11:54:42","guid":{"rendered":"https:\/\/www.caririemacao.com\/1\/?p=181087"},"modified":"2020-07-29T08:54:42","modified_gmt":"2020-07-29T11:54:42","slug":"secretaria-de-saude-do-congo-registra-tres-novos-casos-de-covid-19-no-municipio-nesta-terca-feira-28","status":"publish","type":"post","link":"https:\/\/www.caririemacao.com\/1\/2020\/07\/29\/secretaria-de-saude-do-congo-registra-tres-novos-casos-de-covid-19-no-municipio-nesta-terca-feira-28\/","title":{"rendered":"Secretaria de Sa\u00fade do Congo registra tr\u00eas novos casos de Covid-19 no munic\u00edpio nesta ter\u00e7a-feira (28)."},"content":{"rendered":"\n<h1 class=\"wp-block-heading\"><\/h1>\n\n\n\n<p>O laborat\u00f3rio municipal realizou 9 testes r\u00e1pidos, dos quais 3 obtiveram resultado positivo; 6 deram negativo e foram descartados. Os pacientes procuraram o servi\u00e7o de sa\u00fade na manh\u00e3 de hoje, e, com base nos relatos dos mesmos referentes ao per\u00edodo de apari\u00e7\u00e3o dos sintomas, foram encaminhados j\u00e1 para a testagem.<\/p>\n\n\n\n<p>Os casos s\u00e3o:<br>\u2013 Mulher de 58 anos, moradora da zona urbana;<br>\u2013 Mulher de 39 anos, moradora zona urbana;<br>\u2013 Mulher de 56 anos, moradora da zona rural (caso comunicante).<\/p>\n\n\n\n<p>As pacientes positivadas no teste para Covid-19 est\u00e3o orientadas a cumprir isolamento, n\u00e3o apresentam complica\u00e7\u00f5es no quadro de sa\u00fade, e est\u00e3o sob monitoramento da Secretaria Municipal de Sa\u00fade.<\/p>\n\n\n\n<p>Foram registrados tamb\u00e9m 13 casos suspeitos, os quais foram orientados a permanecerem em isolamento enquanto aguardam a realiza\u00e7\u00e3o dos testes.<\/p>\n","protected":false},"excerpt":{"rendered":"<p>O laborat\u00f3rio municipal realizou 9 testes r\u00e1pidos, dos quais 3 obtiveram resultado positivo; 6 deram negativo e foram descartados. Os pacientes procuraram o servi\u00e7o de&hellip; <\/p>\n","protected":false},"author":2,"featured_media":181088,"comment_status":"closed","ping_status":"closed","sticky":false,"template":"","format":"standard","meta":{"sfsi_plus_gutenberg_text_before_share":"","sfsi_plus_gutenberg_show_text_before_share":"","sfsi_plus_gutenberg_icon_type":"","sfsi_plus_gutenberg_icon_alignemt":"","sfsi_plus_gutenburg_max_per_row":"","footnotes":""},"categories":[2],"tags":[],"class_list":["post-181087","post","type-post","status-publish","format-standard","has-post-thumbnail","hentry","category-geral"],"_links":{"self":[{"href":"https:\/\/www.caririemacao.com\/1\/wp-json\/wp\/v2\/posts\/181087","targetHints":{"allow":["GET"]}}],"collection":[{"href":"https:\/\/www.caririemacao.com\/1\/wp-json\/wp\/v2\/posts"}],"about":[{"href":"https:\/\/www.caririemacao.com\/1\/wp-json\/wp\/v2\/types\/post"}],"author":[{"embeddable":true,"href":"https:\/\/www.caririemacao.com\/1\/wp-json\/wp\/v2\/users\/2"}],"replies":[{"embeddable":true,"href":"https:\/\/www.caririemacao.com\/1\/wp-json\/wp\/v2\/comments?post=181087"}],"version-history":[{"count":1,"href":"https:\/\/www.caririemacao.com\/1\/wp-json\/wp\/v2\/posts\/181087\/revisions"}],"predecessor-version":[{"id":181089,"href":"https:\/\/www.caririemacao.com\/1\/wp-json\/wp\/v2\/posts\/181087\/revisions\/181089"}],"wp:featuredmedia":[{"embeddable":true,"href":"https:\/\/www.caririemacao.com\/1\/wp-json\/wp\/v2\/media\/181088"}],"wp:attachment":[{"href":"https:\/\/www.caririemacao.com\/1\/wp-json\/wp\/v2\/media?parent=181087"}],"wp:term":[{"taxonomy":"category","embeddable":true,"href":"https:\/\/www.caririemacao.com\/1\/wp-json\/wp\/v2\/categories?post=181087"},{"taxonomy":"post_tag","embeddable":true,"href":"https:\/\/www.caririemacao.com\/1\/wp-json\/wp\/v2\/tags?post=181087"}],"curies":[{"name":"wp","href":"https:\/\/api.w.org\/{rel}","templated":true}]}}