{"id":181094,"date":"2020-07-29T09:10:43","date_gmt":"2020-07-29T12:10:43","guid":{"rendered":"https:\/\/www.caririemacao.com\/1\/?p=181094"},"modified":"2020-07-29T09:10:43","modified_gmt":"2020-07-29T12:10:43","slug":"vizinho-salva-crianca-de-2-anos-que-caiu-da-sacada-do-3o-andar-de-predio-no-parana","status":"publish","type":"post","link":"https:\/\/www.caririemacao.com\/1\/2020\/07\/29\/vizinho-salva-crianca-de-2-anos-que-caiu-da-sacada-do-3o-andar-de-predio-no-parana\/","title":{"rendered":"Vizinho salva crian\u00e7a de 2 anos que caiu da sacada do 3\u00ba andar de pr\u00e9dio, no Paran\u00e1"},"content":{"rendered":"\n<p>Um vizinho salvou uma crian\u00e7a de 2 anos que caiu da sacada do terceiro andar de um pr\u00e9dio, em Fazenda Rio Grande, na Regi\u00e3o Metropolitana de Curitiba (RMC). A menina teve apenas um arranh\u00e3o no joelho.\u00a0<\/p>\n\n\n\n<p>A m\u00e3e da crian\u00e7a, Maria Franciele Ferreira, contou que o caso ocorreu em 21 de julho, por volta das 17h. Ela disse ter descido para colocar o lixo do lado de fora quando, ao olhar para cima, notou que a filha estava na sacada do apartamento.<\/p>\n\n\n\n<figure class=\"wp-block-image\"><img decoding=\"async\" data-src=\"https:\/\/s01.video.glbimg.com\/x240\/8733428.jpg\" alt=\"Vizinho salva crian\u00e7a de 2 anos que caiu da sacada do 3\u00ba andar de pr\u00e9dio, no Paran\u00e1\" title=\"Vizinho salva crian\u00e7a de 2 anos que caiu da sacada do 3\u00ba andar de pr\u00e9dio, no Paran\u00e1\" src=\"data:image\/svg+xml;base64,PHN2ZyB3aWR0aD0iMSIgaGVpZ2h0PSIxIiB4bWxucz0iaHR0cDovL3d3dy53My5vcmcvMjAwMC9zdmciPjwvc3ZnPg==\" class=\"lazyload\" \/><\/figure>\n\n\n\n<p>Vizinho salva crian\u00e7a de 2 anos que caiu da sacada do 3\u00ba andar de pr\u00e9dio, no Paran\u00e1<\/p>\n\n\n\n<figure class=\"wp-block-image\"><img decoding=\"async\" data-src=\"https:\/\/s03.video.glbimg.com\/x240\/8734082.jpg\" alt=\"Mulher v\u00ea filha cair de terceiro andar e ser salva por vizinho\" title=\"Mulher v\u00ea filha cair de terceiro andar e ser salva por vizinho\" src=\"data:image\/svg+xml;base64,PHN2ZyB3aWR0aD0iMSIgaGVpZ2h0PSIxIiB4bWxucz0iaHR0cDovL3d3dy53My5vcmcvMjAwMC9zdmciPjwvc3ZnPg==\" class=\"lazyload\" \/><\/figure>\n\n\n\n<p>&#8211;:&#8211;\/&#8211;:&#8211;<\/p>\n\n\n\n<p>Mulher v\u00ea filha cair de terceiro andar e ser salva por vizinho<\/p>\n\n\n\n<p>Maria explicou que a crian\u00e7a acabou passando por uma fresta que tem na sacada. As imagens mostram que, antes da queda, a menina ficou pendurada por alguns segundos.<\/p>\n\n\n\n<p>A m\u00e3e contou ainda que, enquanto gritava por socorro, um vizinho conseguiu correr para pegar a menina antes de ela chegar ao ch\u00e3o.<\/p>\n\n\n\n<figure class=\"wp-block-image\"><img decoding=\"async\" data-src=\"https:\/\/s2.glbimg.com\/W9B3KLzzSpJW2VdK6qtO_qglVaU=\/0x0:715x479\/984x0\/smart\/filters:strip_icc()\/i.s3.glbimg.com\/v1\/AUTH_59edd422c0c84a879bd37670ae4f538a\/internal_photos\/bs\/2020\/j\/P\/mVltfaQfSeMnV6MZnJ0A\/criancacai1.jpg\" alt=\"Crian\u00e7a caiu da sacada do 3\u00aa andar de pr\u00e9dio em Fazenda Rio Grande \u2014 Foto: Arquivo pessoal\" src=\"data:image\/svg+xml;base64,PHN2ZyB3aWR0aD0iMSIgaGVpZ2h0PSIxIiB4bWxucz0iaHR0cDovL3d3dy53My5vcmcvMjAwMC9zdmciPjwvc3ZnPg==\" class=\"lazyload\" \/><\/figure>\n\n\n\n<p>Crian\u00e7a caiu da sacada do 3\u00aa andar de pr\u00e9dio em Fazenda Rio Grande \u2014 Foto: Arquivo pessoal<\/p>\n\n\n\n<figure class=\"wp-block-image\"><img decoding=\"async\" data-src=\"https:\/\/s2.glbimg.com\/eWnpe7zPLrkZxTA3uVM1P4BsOEQ=\/0x0:706x468\/984x0\/smart\/filters:strip_icc()\/i.s3.glbimg.com\/v1\/AUTH_59edd422c0c84a879bd37670ae4f538a\/internal_photos\/bs\/2020\/a\/F\/87ui4HQkOR7fYpwoY2Ww\/criancacai2.png\" alt=\"Vizinho do 1\u00ba andar conseguiu correr para segurar a crian\u00e7a que caiu da sacada do 3\u00ba andar, em Fazenda Rio Grande \u2014 Foto: Arquivo pessoal\" src=\"data:image\/svg+xml;base64,PHN2ZyB3aWR0aD0iMSIgaGVpZ2h0PSIxIiB4bWxucz0iaHR0cDovL3d3dy53My5vcmcvMjAwMC9zdmciPjwvc3ZnPg==\" class=\"lazyload\" \/><\/figure>\n\n\n\n<p>Vizinho do 1\u00ba andar conseguiu correr para segurar a crian\u00e7a que caiu da sacada do 3\u00ba andar, em Fazenda Rio Grande \u2014 Foto: Arquivo pessoal<\/p>\n\n\n\n<p>COM G1<\/p>\n","protected":false},"excerpt":{"rendered":"<p>Um vizinho salvou uma crian\u00e7a de 2 anos que caiu da sacada do terceiro andar de um pr\u00e9dio, em Fazenda Rio Grande, na Regi\u00e3o Metropolitana&hellip; <\/p>\n","protected":false},"author":1,"featured_media":181097,"comment_status":"closed","ping_status":"closed","sticky":false,"template":"","format":"standard","meta":{"sfsi_plus_gutenberg_text_before_share":"","sfsi_plus_gutenberg_show_text_before_share":"","sfsi_plus_gutenberg_icon_type":"","sfsi_plus_gutenberg_icon_alignemt":"","sfsi_plus_gutenburg_max_per_row":"","footnotes":""},"categories":[6],"tags":[],"class_list":["post-181094","post","type-post","status-publish","format-standard","has-post-thumbnail","hentry","category-cidades"],"_links":{"self":[{"href":"https:\/\/www.caririemacao.com\/1\/wp-json\/wp\/v2\/posts\/181094","targetHints":{"allow":["GET"]}}],"collection":[{"href":"https:\/\/www.caririemacao.com\/1\/wp-json\/wp\/v2\/posts"}],"about":[{"href":"https:\/\/www.caririemacao.com\/1\/wp-json\/wp\/v2\/types\/post"}],"author":[{"embeddable":true,"href":"https:\/\/www.caririemacao.com\/1\/wp-json\/wp\/v2\/users\/1"}],"replies":[{"embeddable":true,"href":"https:\/\/www.caririemacao.com\/1\/wp-json\/wp\/v2\/comments?post=181094"}],"version-history":[{"count":1,"href":"https:\/\/www.caririemacao.com\/1\/wp-json\/wp\/v2\/posts\/181094\/revisions"}],"predecessor-version":[{"id":181098,"href":"https:\/\/www.caririemacao.com\/1\/wp-json\/wp\/v2\/posts\/181094\/revisions\/181098"}],"wp:featuredmedia":[{"embeddable":true,"href":"https:\/\/www.caririemacao.com\/1\/wp-json\/wp\/v2\/media\/181097"}],"wp:attachment":[{"href":"https:\/\/www.caririemacao.com\/1\/wp-json\/wp\/v2\/media?parent=181094"}],"wp:term":[{"taxonomy":"category","embeddable":true,"href":"https:\/\/www.caririemacao.com\/1\/wp-json\/wp\/v2\/categories?post=181094"},{"taxonomy":"post_tag","embeddable":true,"href":"https:\/\/www.caririemacao.com\/1\/wp-json\/wp\/v2\/tags?post=181094"}],"curies":[{"name":"wp","href":"https:\/\/api.w.org\/{rel}","templated":true}]}}