{"id":181096,"date":"2020-07-29T09:16:37","date_gmt":"2020-07-29T12:16:37","guid":{"rendered":"https:\/\/www.caririemacao.com\/1\/?p=181096"},"modified":"2020-07-29T09:16:37","modified_gmt":"2020-07-29T12:16:37","slug":"auxilio-emergencial-caixa-paga-beneficio-a-58-milhoes-nesta-quarta-veja-quem-recebe","status":"publish","type":"post","link":"https:\/\/www.caririemacao.com\/1\/2020\/07\/29\/auxilio-emergencial-caixa-paga-beneficio-a-58-milhoes-nesta-quarta-veja-quem-recebe\/","title":{"rendered":"Aux\u00edlio Emergencial: Caixa paga benef\u00edcio a 5,8 milh\u00f5es nesta quarta; veja quem recebe"},"content":{"rendered":"\n<p>A\u00a0Caixa Econ\u00f4mica Federal\u00a0(CEF) paga nesta quarta-feira (29) uma nova parcela do\u00a0Aux\u00edlio Emergencial\u00a0a\u00a0<strong>5,8 milh\u00f5es de trabalhadores<\/strong>. Entre eles, est\u00e3o trabalhadores do\u00a0Bolsa Fam\u00edlia, al\u00e9m dos que est\u00e3o no Cadastro \u00danico e os que se inscreveram no programa por meio do site ou do aplicativo.<\/p>\n\n\n\n<p>Para o p\u00fablico do Bolsa Fam\u00edlia, a quarta parcela do benef\u00edcio come\u00e7ou a ser paga no \u00faltimo dia 20, e segue at\u00e9 o dia 31 de julho. Os pagamentos para esse grupo s\u00e3o feitos da mesma forma que o Bolsa.<\/p>\n\n\n\n<p>Para os demais, a ajuda de R$ 600 ser\u00e1 creditada em conta poupan\u00e7a social digital da Caixa, que poder\u00e1 ser usada inicialmente para pagamento de contas e compras por meio do cart\u00e3o virtual. Saques e transfer\u00eancias para quem receber o cr\u00e9dito nesta quarta ser\u00e3o liberados a partir de 1\u00ba de agosto (<em>veja nos calend\u00e1rios mais abaixo<\/em>).<\/p>\n\n\n\n<ul class=\"wp-block-list\"><li>1,9 milh\u00e3o de\u00a0benefici\u00e1rios do Bolsa Fam\u00edlia, com n\u00famero NIS final 8,\u00a0recebem a quarta parcela<\/li><li>3,9 milh\u00f5es de\u00a0trabalhadores do Cadastro \u00danico e inscritos via site e app, nascidos em mar\u00e7o, recebem a pr\u00f3xima parcela:<br>&#8211; aprovados no primeiro lote recebem a quarta parcela;<br>&#8211; aprovados no segundo lote recebem a terceira parcela;<br>&#8211; aprovados no terceiro e quarto lotes recebem a segunda; e<br>&#8211;\u00a0novos aprovados v\u00e3o receber o primeiro pagamento<\/li><\/ul>\n\n\n\n<p>Os trabalhadores podem consultar a situa\u00e7\u00e3o do benef\u00edcio pelo aplicativo do aux\u00edlio emergencial ou pelo site&nbsp;<a href=\"http:\/\/auxilio.caixa.gov.br\/\" target=\"_blank\" rel=\"noreferrer noopener\">auxilio.caixa.gov.br<\/a>.<\/p>\n\n\n\n<h2 class=\"wp-block-heading\">Calend\u00e1rios de pagamento<\/h2>\n\n\n\n<p>Veja abaixo os calend\u00e1rios de pagamento da parcela atual.&nbsp;<a href=\"https:\/\/g1.globo.com\/economia\/noticia\/2020\/04\/07\/como-sera-feito-o-pagamento-do-auxilio-emergencial-de-r-600.ghtml\">Clique aqui para ver o calend\u00e1rio completo de pagamentos do Aux\u00edlio Emergencial<\/a>.<\/p>\n\n\n\n<p><strong>BENEFICI\u00c1RIOS DO BOLSA FAM\u00cdLIA<\/strong><\/p>\n\n\n\n<figure class=\"wp-block-image\"><img decoding=\"async\" data-src=\"https:\/\/s2.glbimg.com\/VkzNStUm1LGMy8maqvKN-Ly3K-o=\/0x0:1340x1154\/984x0\/smart\/filters:strip_icc()\/i.s3.glbimg.com\/v1\/AUTH_59edd422c0c84a879bd37670ae4f538a\/internal_photos\/bs\/2020\/T\/8\/g1hCqcSNiB8EBuAKUxnA\/2cqbu-pagamento-aos-benefici-rios-do-bolsa-fam-lia-1-.png\" alt=\"Bolsa Fam\u00edlia, Parcela 4 \u2014 Foto: Economia G1\" src=\"data:image\/svg+xml;base64,PHN2ZyB3aWR0aD0iMSIgaGVpZ2h0PSIxIiB4bWxucz0iaHR0cDovL3d3dy53My5vcmcvMjAwMC9zdmciPjwvc3ZnPg==\" class=\"lazyload\" \/><\/figure>\n\n\n\n<p>Bolsa Fam\u00edlia, Parcela 4 \u2014 Foto: Economia G1<\/p>\n\n\n\n<p><strong>BENEFICI\u00c1RIOS FORA DO BOLSA FAM\u00cdLIA<\/strong><\/p>\n\n\n\n<figure class=\"wp-block-image\"><img decoding=\"async\" data-src=\"https:\/\/s2.glbimg.com\/2Ew3UvpOnqqkf1MaxKZhLWV9scE=\/0x0:1340x1396\/984x0\/smart\/filters:strip_icc()\/i.s3.glbimg.com\/v1\/AUTH_59edd422c0c84a879bd37670ae4f538a\/internal_photos\/bs\/2020\/4\/j\/OD6aUqQdesWzRVlsKGKg\/l1p4.png\" alt=\"Lote 1, Parcela 4 \u2014 Foto: Economia G1\" src=\"data:image\/svg+xml;base64,PHN2ZyB3aWR0aD0iMSIgaGVpZ2h0PSIxIiB4bWxucz0iaHR0cDovL3d3dy53My5vcmcvMjAwMC9zdmciPjwvc3ZnPg==\" class=\"lazyload\" \/><\/figure>\n\n\n\n<p>Lote 1, Parcela 4 \u2014 Foto: Economia G1<\/p>\n\n\n\n<figure class=\"wp-block-image\"><img decoding=\"async\" data-src=\"https:\/\/s2.glbimg.com\/TRP2uW7WlDFX9CiIwNS6D0uWrZs=\/0x0:1340x1356\/984x0\/smart\/filters:strip_icc()\/i.s3.glbimg.com\/v1\/AUTH_59edd422c0c84a879bd37670ae4f538a\/internal_photos\/bs\/2020\/c\/W\/Kn7jfdSW2GTnpnETDPqA\/l2p3.png\" alt=\"Lote 2, Parcela 3 \u2014 Foto: Economia G1\" src=\"data:image\/svg+xml;base64,PHN2ZyB3aWR0aD0iMSIgaGVpZ2h0PSIxIiB4bWxucz0iaHR0cDovL3d3dy53My5vcmcvMjAwMC9zdmciPjwvc3ZnPg==\" class=\"lazyload\" \/><\/figure>\n\n\n\n<p>Lote 2, Parcela 3 \u2014 Foto: Economia G1<\/p>\n\n\n\n<figure class=\"wp-block-image\"><img decoding=\"async\" data-src=\"https:\/\/s2.glbimg.com\/9MeSFv-_ddx3NBqzotf03l9N5h8=\/0x0:1340x1396\/984x0\/smart\/filters:strip_icc()\/i.s3.glbimg.com\/v1\/AUTH_59edd422c0c84a879bd37670ae4f538a\/internal_photos\/bs\/2020\/N\/z\/KSto4IQT2djpLSFUvEUw\/l3.4p2.png\" alt=\"Lotes 3 e 4, Parcela 2 \u2014 Foto: Economia G1\" src=\"data:image\/svg+xml;base64,PHN2ZyB3aWR0aD0iMSIgaGVpZ2h0PSIxIiB4bWxucz0iaHR0cDovL3d3dy53My5vcmcvMjAwMC9zdmciPjwvc3ZnPg==\" class=\"lazyload\" \/><\/figure>\n\n\n\n<p>Lotes 3 e 4, Parcela 2 \u2014 Foto: Economia G1<\/p>\n\n\n\n<figure class=\"wp-block-image\"><img decoding=\"async\" data-src=\"https:\/\/s2.glbimg.com\/UefNoEMFhpsuuzxqBXAD5v5VDgU=\/0x0:1340x1396\/984x0\/smart\/filters:strip_icc()\/i.s3.glbimg.com\/v1\/AUTH_59edd422c0c84a879bd37670ae4f538a\/internal_photos\/bs\/2020\/X\/x\/rpp1WSRTOA4G5v4B90Tw\/l5p1.png\" alt=\"Lote 5, Parcela 1 \u2014 Foto: Economia G1\" src=\"data:image\/svg+xml;base64,PHN2ZyB3aWR0aD0iMSIgaGVpZ2h0PSIxIiB4bWxucz0iaHR0cDovL3d3dy53My5vcmcvMjAwMC9zdmciPjwvc3ZnPg==\" class=\"lazyload\" \/><\/figure>\n\n\n\n<p>Lote 5, Parcela 1 \u2014 Foto: Economia G1<\/p>\n","protected":false},"excerpt":{"rendered":"<p>A\u00a0Caixa Econ\u00f4mica Federal\u00a0(CEF) paga nesta quarta-feira (29) uma nova parcela do\u00a0Aux\u00edlio Emergencial\u00a0a\u00a05,8 milh\u00f5es de trabalhadores. Entre eles, est\u00e3o trabalhadores do\u00a0Bolsa Fam\u00edlia, al\u00e9m dos que est\u00e3o&hellip; <\/p>\n","protected":false},"author":1,"featured_media":180828,"comment_status":"closed","ping_status":"closed","sticky":false,"template":"","format":"standard","meta":{"sfsi_plus_gutenberg_text_before_share":"","sfsi_plus_gutenberg_show_text_before_share":"","sfsi_plus_gutenberg_icon_type":"","sfsi_plus_gutenberg_icon_alignemt":"","sfsi_plus_gutenburg_max_per_row":"","footnotes":""},"categories":[50],"tags":[],"class_list":["post-181096","post","type-post","status-publish","format-standard","has-post-thumbnail","hentry","category-destaque"],"_links":{"self":[{"href":"https:\/\/www.caririemacao.com\/1\/wp-json\/wp\/v2\/posts\/181096","targetHints":{"allow":["GET"]}}],"collection":[{"href":"https:\/\/www.caririemacao.com\/1\/wp-json\/wp\/v2\/posts"}],"about":[{"href":"https:\/\/www.caririemacao.com\/1\/wp-json\/wp\/v2\/types\/post"}],"author":[{"embeddable":true,"href":"https:\/\/www.caririemacao.com\/1\/wp-json\/wp\/v2\/users\/1"}],"replies":[{"embeddable":true,"href":"https:\/\/www.caririemacao.com\/1\/wp-json\/wp\/v2\/comments?post=181096"}],"version-history":[{"count":1,"href":"https:\/\/www.caririemacao.com\/1\/wp-json\/wp\/v2\/posts\/181096\/revisions"}],"predecessor-version":[{"id":181100,"href":"https:\/\/www.caririemacao.com\/1\/wp-json\/wp\/v2\/posts\/181096\/revisions\/181100"}],"wp:featuredmedia":[{"embeddable":true,"href":"https:\/\/www.caririemacao.com\/1\/wp-json\/wp\/v2\/media\/180828"}],"wp:attachment":[{"href":"https:\/\/www.caririemacao.com\/1\/wp-json\/wp\/v2\/media?parent=181096"}],"wp:term":[{"taxonomy":"category","embeddable":true,"href":"https:\/\/www.caririemacao.com\/1\/wp-json\/wp\/v2\/categories?post=181096"},{"taxonomy":"post_tag","embeddable":true,"href":"https:\/\/www.caririemacao.com\/1\/wp-json\/wp\/v2\/tags?post=181096"}],"curies":[{"name":"wp","href":"https:\/\/api.w.org\/{rel}","templated":true}]}}