{"id":181099,"date":"2020-07-29T09:16:49","date_gmt":"2020-07-29T12:16:49","guid":{"rendered":"https:\/\/www.caririemacao.com\/1\/?p=181099"},"modified":"2020-07-29T09:16:49","modified_gmt":"2020-07-29T12:16:49","slug":"bolsonaro-veta-projeto-que-previa-prioridade-a-mulher-chefe-de-familia-no-pagamento-do-auxilio-emergencial","status":"publish","type":"post","link":"https:\/\/www.caririemacao.com\/1\/2020\/07\/29\/bolsonaro-veta-projeto-que-previa-prioridade-a-mulher-chefe-de-familia-no-pagamento-do-auxilio-emergencial\/","title":{"rendered":"Bolsonaro veta projeto que previa prioridade a mulher chefe de fam\u00edlia no pagamento do aux\u00edlio emergencial"},"content":{"rendered":"\n<p>O presidente\u00a0Jair Bolsonaro\u00a0vetou integralmente o projeto de lei que\u00a0previa a prioridade a mulher chefe de fam\u00edlia no pagamento do aux\u00edlio emergencial. O projeto tamb\u00e9m estendia a pais solteiros a possibilidade de receberem duas cotas do aux\u00edlio em tr\u00eas presta\u00e7\u00f5es.<\/p>\n\n\n\n<p>O veto foi publicado na edi\u00e7\u00e3o do &#8220;Di\u00e1rio Oficial da Uni\u00e3o&#8221; (DOU), que saiu na madrugada desta quarta-feira (29).<\/p>\n\n\n\n<p>Para justificar o veto, o presidente argumentou que o projeto n\u00e3o apresenta impacto or\u00e7ament\u00e1rio e financeiro, o que, segundo ele, viola a Constitui\u00e7\u00e3o. \u201cAdemais, o projeto se torna invi\u00e1vel ante a inexist\u00eancia nas ferramentas e instrumentos de processamento de dados, que geram a folha de pagamento do aux\u00edlio emergencial, de dados relacionados a quem possui efetivamente a guarda da crian\u00e7a\u201d.<\/p>\n\n\n\n<p>O\u00a0Senado aprovou o projeto no dia 8 de julho. O projeto dava prioridade \u00e0 mulher chefe de fam\u00edlia no pagamento do aux\u00edlio emergencial quando houver informa\u00e7\u00f5es conflitantes nos dados cadastrais.<\/p>\n\n\n\n<p>O projeto tamb\u00e9m estendia a pais solteiros a possibilidade de receberem duas cotas do aux\u00edlio em tr\u00eas presta\u00e7\u00f5es .<\/p>\n\n\n\n<p>A lei do aux\u00edlio emergencial prev\u00ea que o benef\u00edcio de R$ 600 deve ser pago em dobro \u2013 isto \u00e9, R$ 1,2 mil \u2013 a m\u00e3es que criam sozinhas os filhos. No entanto, mulheres relataram que o CPF de seus filhos t\u00eam sido utilizado por outras pessoas, muitas vezes o pai das crian\u00e7as, para acesso ao benef\u00edcio.<\/p>\n\n\n\n<p>Para barrar as irregularidades, o texto previa, entre outros pontos, que a informa\u00e7\u00e3o dada pela mulher deve ser priorizada, ainda que tenha sido feita posteriormente ao cadastro de outra pessoa, como o pai dos filhos.<\/p>\n\n\n\n<p>Pela proposta, o pai que se sentir prejudicado poderia relatar o problema na plataforma digital para o requerimento do benef\u00edcio. Enquanto a situa\u00e7\u00e3o \u00e9 apurada, ele poderia receber o aux\u00edlio de R$ 600, mesmo que em duplicidade com a m\u00e3e.<\/p>\n\n\n\n<p>Ainda segundo o texto, os pagamentos feitos indevidamente ou em duplicidade devido a informa\u00e7\u00f5es falsas dever\u00e3o ser devolvidos pelo fraudador.<\/p>\n\n\n\n<p>COM G1<\/p>\n","protected":false},"excerpt":{"rendered":"<p>O presidente\u00a0Jair Bolsonaro\u00a0vetou integralmente o projeto de lei que\u00a0previa a prioridade a mulher chefe de fam\u00edlia no pagamento do aux\u00edlio emergencial. O projeto tamb\u00e9m estendia&hellip; <\/p>\n","protected":false},"author":1,"featured_media":178999,"comment_status":"closed","ping_status":"closed","sticky":false,"template":"","format":"standard","meta":{"sfsi_plus_gutenberg_text_before_share":"","sfsi_plus_gutenberg_show_text_before_share":"","sfsi_plus_gutenberg_icon_type":"","sfsi_plus_gutenberg_icon_alignemt":"","sfsi_plus_gutenburg_max_per_row":"","footnotes":""},"categories":[50],"tags":[],"class_list":["post-181099","post","type-post","status-publish","format-standard","has-post-thumbnail","hentry","category-destaque"],"_links":{"self":[{"href":"https:\/\/www.caririemacao.com\/1\/wp-json\/wp\/v2\/posts\/181099","targetHints":{"allow":["GET"]}}],"collection":[{"href":"https:\/\/www.caririemacao.com\/1\/wp-json\/wp\/v2\/posts"}],"about":[{"href":"https:\/\/www.caririemacao.com\/1\/wp-json\/wp\/v2\/types\/post"}],"author":[{"embeddable":true,"href":"https:\/\/www.caririemacao.com\/1\/wp-json\/wp\/v2\/users\/1"}],"replies":[{"embeddable":true,"href":"https:\/\/www.caririemacao.com\/1\/wp-json\/wp\/v2\/comments?post=181099"}],"version-history":[{"count":1,"href":"https:\/\/www.caririemacao.com\/1\/wp-json\/wp\/v2\/posts\/181099\/revisions"}],"predecessor-version":[{"id":181101,"href":"https:\/\/www.caririemacao.com\/1\/wp-json\/wp\/v2\/posts\/181099\/revisions\/181101"}],"wp:featuredmedia":[{"embeddable":true,"href":"https:\/\/www.caririemacao.com\/1\/wp-json\/wp\/v2\/media\/178999"}],"wp:attachment":[{"href":"https:\/\/www.caririemacao.com\/1\/wp-json\/wp\/v2\/media?parent=181099"}],"wp:term":[{"taxonomy":"category","embeddable":true,"href":"https:\/\/www.caririemacao.com\/1\/wp-json\/wp\/v2\/categories?post=181099"},{"taxonomy":"post_tag","embeddable":true,"href":"https:\/\/www.caririemacao.com\/1\/wp-json\/wp\/v2\/tags?post=181099"}],"curies":[{"name":"wp","href":"https:\/\/api.w.org\/{rel}","templated":true}]}}