{"id":181102,"date":"2020-07-29T09:31:00","date_gmt":"2020-07-29T12:31:00","guid":{"rendered":"https:\/\/www.caririemacao.com\/1\/?p=181102"},"modified":"2020-07-29T09:31:00","modified_gmt":"2020-07-29T12:31:00","slug":"combate-ao-covid-em-monteiro-unidades-de-saude-testam-gestantes-deficientes-e-acamados","status":"publish","type":"post","link":"https:\/\/www.caririemacao.com\/1\/2020\/07\/29\/combate-ao-covid-em-monteiro-unidades-de-saude-testam-gestantes-deficientes-e-acamados\/","title":{"rendered":"Combate ao Covid em Monteiro: Unidades de Sa\u00fade testam gestantes, deficientes e acamados"},"content":{"rendered":"\n<p>A Secretaria de Sa\u00fade de Monteiro deu in\u00edcio a mais uma a\u00e7\u00e3o no combate ao coronav\u00edrus no munic\u00edpio com uma aten\u00e7\u00e3o especial para gestantes, deficientes e acamados.<\/p>\n\n\n\n<p>As Unidades de Sa\u00fade da Fam\u00edlia do munic\u00edpio de Monteiro seguem funcionando, ininterruptamente com suas equipes composta por m\u00e9dicos cl\u00ednicos gerais, enfermeiros, t\u00e9cnicos de enfermagem e Agentes Comunit\u00e1rios de Sa\u00fades (ACS), realizando visitas semanais, levando atendimento m\u00e9dico at\u00e9 a resid\u00eancia dos moradores.<\/p>\n\n\n\n<p>Com a pandemia, os servi\u00e7os foram sendo adaptados de forma a deixar os profissionais e as fam\u00edlias em seguran\u00e7a, neste sentido, para realizar os testes, as equipes far\u00e3o o agendamento de acordo com a procura.<\/p>\n\n\n\n<p>&nbsp;\u201cVamos atr\u00e1s de pacientes acamados, idosos, portadores de necessidades especiais e pessoas que tiveram filhos, dentre outras especificidades. Nosso trabalho \u00e9 esse: visitar quem necessita e n\u00e3o pode ir at\u00e9 a unidade\u201d, explica a secret\u00e1ria da pasta, Paula Oliveira.<\/p>\n\n\n\n<p><strong>Acompanhamento<\/strong><\/p>\n\n\n\n<p>Ap\u00f3s a implanta\u00e7\u00e3o do sistema online de informa\u00e7\u00f5es da sa\u00fade, SISREG, pela administra\u00e7\u00e3o da prefeita Anna Lorena, os profissionais de sa\u00fade t\u00eam diversos dados sobre as fam\u00edlias atendidas nas Unidades B\u00e1sicas de Sa\u00fade, informa\u00e7\u00f5es estas escolhidas por meio dos ACS que visitam v\u00e1rias casas por dia.<\/p>\n\n\n\n<p>Al\u00e9m do cadastro residencial, h\u00e1 um individual de cada morador que constam as informa\u00e7\u00f5es pessoais, hist\u00f3rico de doen\u00e7as e a rela\u00e7\u00e3o com \u00e1lcool e outras drogas. Tamb\u00e9m \u00e9 feito um acompanhamento especial dos hipertensos, diab\u00e9ticos e pessoas com outras comorbidades.<\/p>\n\n\n\n<p>Segundo a secret\u00e1ria de sa\u00fade, o acompanhamento atrav\u00e9s dos ACS \u00e9 feito regularmente, mas informa que caso alguma pessoa do grupo de risco apresente algum sintoma de covid, pode entrar em contato atrav\u00e9s de redes sociais dos Agentes, ou at\u00e9 mesmo no posto de sa\u00fade. \u201cAs pessoas que n\u00e3o podem se locomover recebem uma aten\u00e7\u00e3o especial e neste sentido estamos com a busca ativa desses poss\u00edveis casos, visando um atendimento r\u00e1pido para que n\u00e3o haja alguma complica\u00e7\u00e3o no caso. Os ACS informa um n\u00famero de contato de whatsapp, temos as UBS, e diversos outros locais para tirar d\u00favidas e solicitar o atendimento. Queremos cercar todo o munic\u00edpio visando a diminui\u00e7\u00e3o de casos e de transmiss\u00e3o da covid\u201d, disse Paula Oliveira.<\/p>\n\n\n\n<p>COM G1<\/p>\n","protected":false},"excerpt":{"rendered":"<p>A Secretaria de Sa\u00fade de Monteiro deu in\u00edcio a mais uma a\u00e7\u00e3o no combate ao coronav\u00edrus no munic\u00edpio com uma aten\u00e7\u00e3o especial para gestantes, deficientes&hellip; <\/p>\n","protected":false},"author":1,"featured_media":181106,"comment_status":"closed","ping_status":"closed","sticky":false,"template":"","format":"standard","meta":{"sfsi_plus_gutenberg_text_before_share":"","sfsi_plus_gutenberg_show_text_before_share":"","sfsi_plus_gutenberg_icon_type":"","sfsi_plus_gutenberg_icon_alignemt":"","sfsi_plus_gutenburg_max_per_row":"","footnotes":""},"categories":[6,50],"tags":[],"class_list":["post-181102","post","type-post","status-publish","format-standard","has-post-thumbnail","hentry","category-cidades","category-destaque"],"_links":{"self":[{"href":"https:\/\/www.caririemacao.com\/1\/wp-json\/wp\/v2\/posts\/181102","targetHints":{"allow":["GET"]}}],"collection":[{"href":"https:\/\/www.caririemacao.com\/1\/wp-json\/wp\/v2\/posts"}],"about":[{"href":"https:\/\/www.caririemacao.com\/1\/wp-json\/wp\/v2\/types\/post"}],"author":[{"embeddable":true,"href":"https:\/\/www.caririemacao.com\/1\/wp-json\/wp\/v2\/users\/1"}],"replies":[{"embeddable":true,"href":"https:\/\/www.caririemacao.com\/1\/wp-json\/wp\/v2\/comments?post=181102"}],"version-history":[{"count":1,"href":"https:\/\/www.caririemacao.com\/1\/wp-json\/wp\/v2\/posts\/181102\/revisions"}],"predecessor-version":[{"id":181107,"href":"https:\/\/www.caririemacao.com\/1\/wp-json\/wp\/v2\/posts\/181102\/revisions\/181107"}],"wp:featuredmedia":[{"embeddable":true,"href":"https:\/\/www.caririemacao.com\/1\/wp-json\/wp\/v2\/media\/181106"}],"wp:attachment":[{"href":"https:\/\/www.caririemacao.com\/1\/wp-json\/wp\/v2\/media?parent=181102"}],"wp:term":[{"taxonomy":"category","embeddable":true,"href":"https:\/\/www.caririemacao.com\/1\/wp-json\/wp\/v2\/categories?post=181102"},{"taxonomy":"post_tag","embeddable":true,"href":"https:\/\/www.caririemacao.com\/1\/wp-json\/wp\/v2\/tags?post=181102"}],"curies":[{"name":"wp","href":"https:\/\/api.w.org\/{rel}","templated":true}]}}