{"id":181103,"date":"2020-07-29T09:26:55","date_gmt":"2020-07-29T12:26:55","guid":{"rendered":"https:\/\/www.caririemacao.com\/1\/?p=181103"},"modified":"2020-07-29T09:26:55","modified_gmt":"2020-07-29T12:26:55","slug":"monteiro-funcionalismo-municipal-ja-tem-beneficio-de-suspensao-de-consignado-neste-mes","status":"publish","type":"post","link":"https:\/\/www.caririemacao.com\/1\/2020\/07\/29\/monteiro-funcionalismo-municipal-ja-tem-beneficio-de-suspensao-de-consignado-neste-mes\/","title":{"rendered":"Monteiro: funcionalismo municipal j\u00e1 tem benef\u00edcio de suspens\u00e3o de consignado neste m\u00eas"},"content":{"rendered":"\n<p>Os funcion\u00e1rios da Prefeitura de Monteiro que decidiram aderir \u00e0 suspens\u00e3o das parcelas de seus empr\u00e9stimos consignados j\u00e1 obtiveram o benef\u00edcio nos vencimentos deste m\u00eas.<\/p>\n\n\n\n<p>A prefeita Anna Lorena sancionou, no \u00faltimo dia 21, a lei que suspende o pagamento dos empr\u00e9stimos consignados pelos servidores p\u00fablicos municipais pelo prazo de 180 dias tendo em vista o estado de calamidade p\u00fablica decretado em raz\u00e3o da Covid-19.<\/p>\n\n\n\n<p>Com a medida, os servidores da Prefeitura que contra\u00edram empr\u00e9stimos n\u00e3o ter\u00e3o descontados os valores na folha de pagamento neste per\u00edodo, para os que j\u00e1 assinaram o requerimento, o benef\u00edcio j\u00e1 entra em vigor neste m\u00eas de julho.<\/p>\n\n\n\n<p>Com a suspens\u00e3o, as parcelas suspensas ser\u00e3o deslocadas para depois da \u00faltima parcela prevista no contrato celebrado.<\/p>\n","protected":false},"excerpt":{"rendered":"<p>Os funcion\u00e1rios da Prefeitura de Monteiro que decidiram aderir \u00e0 suspens\u00e3o das parcelas de seus empr\u00e9stimos consignados j\u00e1 obtiveram o benef\u00edcio nos vencimentos deste m\u00eas.&hellip; <\/p>\n","protected":false},"author":1,"featured_media":181104,"comment_status":"closed","ping_status":"closed","sticky":false,"template":"","format":"standard","meta":{"sfsi_plus_gutenberg_text_before_share":"","sfsi_plus_gutenberg_show_text_before_share":"","sfsi_plus_gutenberg_icon_type":"","sfsi_plus_gutenberg_icon_alignemt":"","sfsi_plus_gutenburg_max_per_row":"","footnotes":""},"categories":[6,50],"tags":[],"class_list":["post-181103","post","type-post","status-publish","format-standard","has-post-thumbnail","hentry","category-cidades","category-destaque"],"_links":{"self":[{"href":"https:\/\/www.caririemacao.com\/1\/wp-json\/wp\/v2\/posts\/181103","targetHints":{"allow":["GET"]}}],"collection":[{"href":"https:\/\/www.caririemacao.com\/1\/wp-json\/wp\/v2\/posts"}],"about":[{"href":"https:\/\/www.caririemacao.com\/1\/wp-json\/wp\/v2\/types\/post"}],"author":[{"embeddable":true,"href":"https:\/\/www.caririemacao.com\/1\/wp-json\/wp\/v2\/users\/1"}],"replies":[{"embeddable":true,"href":"https:\/\/www.caririemacao.com\/1\/wp-json\/wp\/v2\/comments?post=181103"}],"version-history":[{"count":1,"href":"https:\/\/www.caririemacao.com\/1\/wp-json\/wp\/v2\/posts\/181103\/revisions"}],"predecessor-version":[{"id":181105,"href":"https:\/\/www.caririemacao.com\/1\/wp-json\/wp\/v2\/posts\/181103\/revisions\/181105"}],"wp:featuredmedia":[{"embeddable":true,"href":"https:\/\/www.caririemacao.com\/1\/wp-json\/wp\/v2\/media\/181104"}],"wp:attachment":[{"href":"https:\/\/www.caririemacao.com\/1\/wp-json\/wp\/v2\/media?parent=181103"}],"wp:term":[{"taxonomy":"category","embeddable":true,"href":"https:\/\/www.caririemacao.com\/1\/wp-json\/wp\/v2\/categories?post=181103"},{"taxonomy":"post_tag","embeddable":true,"href":"https:\/\/www.caririemacao.com\/1\/wp-json\/wp\/v2\/tags?post=181103"}],"curies":[{"name":"wp","href":"https:\/\/api.w.org\/{rel}","templated":true}]}}