{"id":181109,"date":"2020-07-29T09:41:15","date_gmt":"2020-07-29T12:41:15","guid":{"rendered":"https:\/\/www.caririemacao.com\/1\/?p=181109"},"modified":"2020-07-29T09:41:15","modified_gmt":"2020-07-29T12:41:15","slug":"aras-diz-que-e-hora-de-corrigir-rumos-para-que-lavajatismo-nao-perdure","status":"publish","type":"post","link":"https:\/\/www.caririemacao.com\/1\/2020\/07\/29\/aras-diz-que-e-hora-de-corrigir-rumos-para-que-lavajatismo-nao-perdure\/","title":{"rendered":"Aras diz que \u00e9 hora de &#8216;corrigir rumos&#8217; para que &#8216;lavajatismo n\u00e3o perdure&#8217;"},"content":{"rendered":"\n<p>O procurador-geral da Rep\u00fablica,\u00a0Augusto Aras, afirmou nesta ter\u00e7a-feira (28) que \u00e9 hora de &#8220;corrigir rumos&#8221; para que o &#8220;lavajatismo&#8221; passe e seja substitu\u00eddo no Minist\u00e9rio P\u00fablico por outro modelo de enfrentamento \u00e0 criminalidade.<\/p>\n\n\n\n<p>Aras deu a declara\u00e7\u00e3o ao participar de um debate virtual, promovido por um grupo de advogados. Segundo ele, a &#8220;corre\u00e7\u00e3o de rumos n\u00e3o significa redu\u00e7\u00e3o do empenho no combate \u00e0 corrup\u00e7\u00e3o&#8221;.<\/p>\n\n\n\n<p>Ainda no debate, Augusto Aras afirmou que a gest\u00e3o dele visa acabar com o &#8220;punitivismo&#8221; do&nbsp;<a href=\"https:\/\/g1.globo.com\/tudo-sobre\/ministerio-publico-federal\/\">Minist\u00e9rio P\u00fablico<\/a>&nbsp;e que n\u00e3o pode existir \u201ccaixa-preta\u201d no MP.<\/p>\n\n\n\n<p>&#8220;Agora \u00e9 a hora de corrigir os rumos para que o lavajatismo n\u00e3o perdure. Mas a corre\u00e7\u00e3o de rumos n\u00e3o significa redu\u00e7\u00e3o do empenho no combate \u00e0 corrup\u00e7\u00e3o. Contrariamente a isso, o que n\u00f3s temos aqui na casa \u00e9 o pensamento de buscar fortalecer a investiga\u00e7\u00e3o cient\u00edfica e, acima de tudo, visando respeitar direitos e garantias fundamentais&#8221;, afirmou Augusto Aras.<\/p>\n\n\n\n<p>A for\u00e7a-tarefa da Lava Jato do Minist\u00e9rio P\u00fablico Federal de S\u00e3o Paulo (MPF-SP) informou que &#8220;reitera a absoluta corre\u00e7\u00e3o de sua atua\u00e7\u00e3o e que conduz seus trabalhos com base n\u00e3o apenas nas leis, mas tamb\u00e9m em portaria editada pelo pr\u00f3prio Procurador-Geral da Rep\u00fablica&#8221; &#8211;&nbsp;<em>portaria PGR\/MPF n\u00ba 23, de 20 de janeiro de 2020<\/em>.<\/p>\n\n\n\n<p>Integrante da for\u00e7a-tarefa de Curitiba, o procurador Roberson Pozzobon criticou em uma rede social a declara\u00e7\u00e3o de Aras: \u201cA transpar\u00eancia faltou mesmo no processo de escolha do PGR pelo presidente Bolsonaro. O transparente processo de escolha a partir de lista tr\u00edplice, votada, precedida de apresenta\u00e7\u00e3o de propostas e debates dos candidatos, que ficou de lado, fez e faz falta\u201d.<\/p>\n\n\n\n<p>Consultadas, as dire\u00e7\u00f5es das for\u00e7as-tarefa da Opera\u00e7\u00e3o Lava Jato no Paran\u00e1 e no Rio de Janeiro n\u00e3o se manifestaram.<\/p>\n\n\n\n<p>O procurador-geral entrou em atrito com as for\u00e7as-tarefa depois de a chefe da Lava Jato na PGR, Lind\u00f4ra Ara\u00fajo, se dirigir a Curitiba\u00a0com o objetivo de obter acesso a dados\u00a0de investiga\u00e7\u00f5es.<\/p>\n\n\n\n<p>A diverg\u00eancia envolveu o repasse de dados sigilosos da for\u00e7a-tarefa local \u00e0 PGR, que recorreu ao Supremo Tribunal Federal para ter acesso \u00e0s informa\u00e7\u00f5es e obteve\u00a0decis\u00e3o a favor do compartilhamento de dados. A decis\u00e3o foi dada pelo presidente do\u00a0STF, ministro\u00a0Dias Toffoli\u00a0(<em>relembre no v\u00eddeo abaixo<\/em>).<\/p>\n\n\n\n<figure class=\"wp-block-image\"><img decoding=\"async\" data-src=\"https:\/\/s01.video.glbimg.com\/x240\/8688460.jpg\" alt=\"Presidente do STF determinou que as for\u00e7as-tarefa da Lava Jato entreguem dados \u00e0 PGR\" title=\"Presidente do STF determinou que as for\u00e7as-tarefa da Lava Jato entreguem dados \u00e0 PGR\" src=\"data:image\/svg+xml;base64,PHN2ZyB3aWR0aD0iMSIgaGVpZ2h0PSIxIiB4bWxucz0iaHR0cDovL3d3dy53My5vcmcvMjAwMC9zdmciPjwvc3ZnPg==\" class=\"lazyload\" \/><\/figure>\n\n\n\n<p>Presidente do STF determinou que as for\u00e7as-tarefa da Lava Jato entreguem dados \u00e0 PGR<\/p>\n\n\n\n<h2 class=\"wp-block-heading\">Investiga\u00e7\u00f5es &#8216;nos limites&#8217; da Constitui\u00e7\u00e3o<\/h2>\n\n\n\n<p>Ainda no encontro virtual desta ter\u00e7a, Aras afirmou que o enfrentamento \u00e0 criminalidade, especialmente \u00e0 corrup\u00e7\u00e3o, deve continuar a ser feito &#8220;do mesmo modo como vinha se fazendo, mas num universo nos limites da Constitui\u00e7\u00e3o e das leis&#8221;. Para ele, o &#8220;lavajatismo h\u00e1 de passar\u201d.<\/p>\n\n\n\n<p>Augusto Aras disse ainda que atos das for\u00e7as-tarefas ser\u00e3o apurados. Ele afirmou que a Corregedoria vai investigar o fato de 50 mil processos estarem &#8220;invis\u00edveis&#8221;. O procurador-geral, no entanto, n\u00e3o deu detalhes sobre esses procedimentos.<\/p>\n\n\n\n<p>&#8220;N\u00e3o podemos aceitar processos escondidos da Corregedoria. Temos 50 mil documentos invis\u00edveis. E a corregedoria vai apurar os respons\u00e1veis por isso. Na multid\u00e3o, perderam-se processos, metodologia que atenta contra publicidade&#8221;, disse.<\/p>\n\n\n\n<h2 class=\"wp-block-heading\">Investiga\u00e7\u00f5es sem crit\u00e9rios<\/h2>\n\n\n\n<p>O procurador-geral disse tamb\u00e9m que a for\u00e7a-tarefa do Paran\u00e1 tem 300 terabytes em informa\u00e7\u00f5es, al\u00e9m de 38 mil pessoas investigadas e sem crit\u00e9rios.<\/p>\n\n\n\n<p>&#8220;Estamos falando da transpar\u00eancia. Todo o MPF, no seu sistema \u00fanico, tem 40 terabytes. Curitiba tem 350 terabytes e 38 mil pessoas com seus dados depositados. Ningu\u00e9m sabe como foram escolhidos, quais os crit\u00e9rios, e n\u00e3o se pode imaginar que uma unidade institucional se fa\u00e7a com segredos&#8221;, declarou.<\/p>\n\n\n\n<p>Aras disse ainda que a for\u00e7a-tarefa da Lava Jato em Curitiba tem &#8220;caixa de segredos&#8221;.<\/p>\n\n\n\n<p>Segundo ele, a meta de sua gest\u00e3o \u00e9 \u201cabrir essa institui\u00e7\u00e3o para que jamais se possa dizer que essa institui\u00e7\u00e3o tenha caixas-pretas. Lista tr\u00edplice fraud\u00e1vel nunca mais\u201d.<\/p>\n\n\n\n<p>COM G1<\/p>\n","protected":false},"excerpt":{"rendered":"<p>O procurador-geral da Rep\u00fablica,\u00a0Augusto Aras, afirmou nesta ter\u00e7a-feira (28) que \u00e9 hora de &#8220;corrigir rumos&#8221; para que o &#8220;lavajatismo&#8221; passe e seja substitu\u00eddo no Minist\u00e9rio&hellip; <\/p>\n","protected":false},"author":1,"featured_media":181113,"comment_status":"closed","ping_status":"closed","sticky":false,"template":"","format":"standard","meta":{"sfsi_plus_gutenberg_text_before_share":"","sfsi_plus_gutenberg_show_text_before_share":"","sfsi_plus_gutenberg_icon_type":"","sfsi_plus_gutenberg_icon_alignemt":"","sfsi_plus_gutenburg_max_per_row":"","footnotes":""},"categories":[11],"tags":[],"class_list":["post-181109","post","type-post","status-publish","format-standard","has-post-thumbnail","hentry","category-politica"],"_links":{"self":[{"href":"https:\/\/www.caririemacao.com\/1\/wp-json\/wp\/v2\/posts\/181109","targetHints":{"allow":["GET"]}}],"collection":[{"href":"https:\/\/www.caririemacao.com\/1\/wp-json\/wp\/v2\/posts"}],"about":[{"href":"https:\/\/www.caririemacao.com\/1\/wp-json\/wp\/v2\/types\/post"}],"author":[{"embeddable":true,"href":"https:\/\/www.caririemacao.com\/1\/wp-json\/wp\/v2\/users\/1"}],"replies":[{"embeddable":true,"href":"https:\/\/www.caririemacao.com\/1\/wp-json\/wp\/v2\/comments?post=181109"}],"version-history":[{"count":1,"href":"https:\/\/www.caririemacao.com\/1\/wp-json\/wp\/v2\/posts\/181109\/revisions"}],"predecessor-version":[{"id":181114,"href":"https:\/\/www.caririemacao.com\/1\/wp-json\/wp\/v2\/posts\/181109\/revisions\/181114"}],"wp:featuredmedia":[{"embeddable":true,"href":"https:\/\/www.caririemacao.com\/1\/wp-json\/wp\/v2\/media\/181113"}],"wp:attachment":[{"href":"https:\/\/www.caririemacao.com\/1\/wp-json\/wp\/v2\/media?parent=181109"}],"wp:term":[{"taxonomy":"category","embeddable":true,"href":"https:\/\/www.caririemacao.com\/1\/wp-json\/wp\/v2\/categories?post=181109"},{"taxonomy":"post_tag","embeddable":true,"href":"https:\/\/www.caririemacao.com\/1\/wp-json\/wp\/v2\/tags?post=181109"}],"curies":[{"name":"wp","href":"https:\/\/api.w.org\/{rel}","templated":true}]}}