{"id":181110,"date":"2020-07-29T09:43:10","date_gmt":"2020-07-29T12:43:10","guid":{"rendered":"https:\/\/www.caririemacao.com\/1\/?p=181110"},"modified":"2020-07-29T10:05:34","modified_gmt":"2020-07-29T13:05:34","slug":"pf-deflagra-operacao-contra-trafico-internacional-de-armas-em-oito-estados","status":"publish","type":"post","link":"https:\/\/www.caririemacao.com\/1\/2020\/07\/29\/pf-deflagra-operacao-contra-trafico-internacional-de-armas-em-oito-estados\/","title":{"rendered":"PF deflagra opera\u00e7\u00e3o contra tr\u00e1fico internacional de armas em oito estados"},"content":{"rendered":"\n<p>A Pol\u00edcia Federal (PF) deflagrou na manh\u00e3 desta quarta-feira (29) uma opera\u00e7\u00e3o contra o tr\u00e1fico internacional de armas em oito estados.<\/p>\n\n\n\n<p>As investiga\u00e7\u00f5es apontam que armas eram importadas de forma ilegal do Paraguai e distribu\u00eddas pelo pa\u00eds. A opera\u00e7\u00e3o foi batizada de &#8220;Mercado das Armas&#8221;.<\/p>\n\n\n\n<p>Os 25 mandados de busca e apreens\u00e3o e um mandado de pris\u00e3o, autorizados pela 13\u00aa Vara Federal de Curitiba, s\u00e3o cumpridos nos seguintes estados:<\/p>\n\n\n\n<ul class=\"wp-block-list\"><li>Paran\u00e1<\/li><li>Cear\u00e1<\/li><li>Esp\u00edrito Santo<\/li><li>Minas Gerais (um mandado de pris\u00e3o)<\/li><li><a href=\"https:\/\/g1.globo.com\/rj\/rio-de-janeiro\/noticia\/2020\/07\/29\/policia-faz-operacao-na-zona-oeste-do-rio.ghtml\">Rio de Janeiro<\/a><\/li><li>Rio Grande do Sul<\/li><li>S\u00e3o Paulo<\/li><li>Sergipe<\/li><\/ul>\n\n\n\n<figure class=\"wp-block-image\"><img decoding=\"async\" data-src=\"https:\/\/s2.glbimg.com\/1gJPs-t2vlsWmsio7LUCFsQMet0=\/0x0:853x500\/984x0\/smart\/filters:strip_icc()\/i.s3.glbimg.com\/v1\/AUTH_59edd422c0c84a879bd37670ae4f538a\/internal_photos\/bs\/2020\/Z\/S\/A9du1wQi2MXa1teDQRDA\/pf-mandado-sjp.jpg\" alt=\"Policiais cumprem mandado de busca e apreens\u00e3o em S\u00e3o Jos\u00e9 dos Pinhais \u2014 Foto: Divulga\u00e7\u00e3o\/PF\" src=\"data:image\/svg+xml;base64,PHN2ZyB3aWR0aD0iMSIgaGVpZ2h0PSIxIiB4bWxucz0iaHR0cDovL3d3dy53My5vcmcvMjAwMC9zdmciPjwvc3ZnPg==\" class=\"lazyload\" \/><\/figure>\n\n\n\n<p>Policiais cumprem mandado de busca e apreens\u00e3o em S\u00e3o Jos\u00e9 dos Pinhais \u2014 Foto: Divulga\u00e7\u00e3o\/PF<\/p>\n\n\n\n<p>De acordo com a pol\u00edcia, a opera\u00e7\u00e3o foi deflagrada ap\u00f3s armas serem apreendidas escondidas em meio a equipamentos eletr\u00f4nicos, como r\u00e1dios, panelas el\u00e9tricas e climatizadores, que eram transportados pelos Correios e transportadoras privadas.<\/p>\n\n\n\n<p>As investiga\u00e7\u00f5es apontam que as armas entravam no Brasil com a ajuda de atravessadores paraguaios.<\/p>\n\n\n\n<p>Segundo a PF, al\u00e9m das armas, os suspeitos importavam pe\u00e7as de pistolas airsoft que eram adaptadas e transformadas em submetralhadoras reais.<\/p>\n\n\n\n<figure class=\"wp-block-image\"><img decoding=\"async\" data-src=\"https:\/\/s2.glbimg.com\/gsupthsBOQap2B3U8DOyi_m2UwQ=\/0x0:700x520\/984x0\/smart\/filters:strip_icc()\/i.s3.glbimg.com\/v1\/AUTH_59edd422c0c84a879bd37670ae4f538a\/internal_photos\/bs\/2020\/L\/0\/8dBVDYQPyjkUY9k47NtQ\/whatsapp-image-2020-07-29-at-07.16.50.jpeg\" alt=\"Investiga\u00e7\u00e3o apontou que suspeitos importavam ilegalmente kits do Paraguai, segundo a PF \u2014 Foto: Divulga\u00e7\u00e3o\/PF\" src=\"data:image\/svg+xml;base64,PHN2ZyB3aWR0aD0iMSIgaGVpZ2h0PSIxIiB4bWxucz0iaHR0cDovL3d3dy53My5vcmcvMjAwMC9zdmciPjwvc3ZnPg==\" class=\"lazyload\" \/><\/figure>\n\n\n\n<p>Investiga\u00e7\u00e3o apontou que suspeitos importavam ilegalmente kits do Paraguai, segundo a PF \u2014 Foto: Divulga\u00e7\u00e3o\/PF<\/p>\n\n\n\n<p>A importa\u00e7\u00e3o destes equipamentos acontecia tamb\u00e9m sem os certificados necess\u00e1rios, e eles eram vendidos por plataformas virtuais sem o fornecimento de notas fiscais.<\/p>\n\n\n\n<p>Os alvos dos mandados s\u00e3o investigados por tr\u00e1fico internacional de armas de fogo e acess\u00f3rios, associa\u00e7\u00e3o criminosa, falsidade ideol\u00f3gica, uso de documento falso e lavagem de dinheiro.<\/p>\n\n\n\n<p>com g1<\/p>\n","protected":false},"excerpt":{"rendered":"<p>A Pol\u00edcia Federal (PF) deflagrou na manh\u00e3 desta quarta-feira (29) uma opera\u00e7\u00e3o contra o tr\u00e1fico internacional de armas em oito estados. As investiga\u00e7\u00f5es apontam que&hellip; <\/p>\n","protected":false},"author":1,"featured_media":181117,"comment_status":"closed","ping_status":"closed","sticky":false,"template":"","format":"standard","meta":{"sfsi_plus_gutenberg_text_before_share":"","sfsi_plus_gutenberg_show_text_before_share":"","sfsi_plus_gutenberg_icon_type":"","sfsi_plus_gutenberg_icon_alignemt":"","sfsi_plus_gutenburg_max_per_row":"","footnotes":""},"categories":[12],"tags":[],"class_list":["post-181110","post","type-post","status-publish","format-standard","has-post-thumbnail","hentry","category-policia"],"_links":{"self":[{"href":"https:\/\/www.caririemacao.com\/1\/wp-json\/wp\/v2\/posts\/181110","targetHints":{"allow":["GET"]}}],"collection":[{"href":"https:\/\/www.caririemacao.com\/1\/wp-json\/wp\/v2\/posts"}],"about":[{"href":"https:\/\/www.caririemacao.com\/1\/wp-json\/wp\/v2\/types\/post"}],"author":[{"embeddable":true,"href":"https:\/\/www.caririemacao.com\/1\/wp-json\/wp\/v2\/users\/1"}],"replies":[{"embeddable":true,"href":"https:\/\/www.caririemacao.com\/1\/wp-json\/wp\/v2\/comments?post=181110"}],"version-history":[{"count":1,"href":"https:\/\/www.caririemacao.com\/1\/wp-json\/wp\/v2\/posts\/181110\/revisions"}],"predecessor-version":[{"id":181118,"href":"https:\/\/www.caririemacao.com\/1\/wp-json\/wp\/v2\/posts\/181110\/revisions\/181118"}],"wp:featuredmedia":[{"embeddable":true,"href":"https:\/\/www.caririemacao.com\/1\/wp-json\/wp\/v2\/media\/181117"}],"wp:attachment":[{"href":"https:\/\/www.caririemacao.com\/1\/wp-json\/wp\/v2\/media?parent=181110"}],"wp:term":[{"taxonomy":"category","embeddable":true,"href":"https:\/\/www.caririemacao.com\/1\/wp-json\/wp\/v2\/categories?post=181110"},{"taxonomy":"post_tag","embeddable":true,"href":"https:\/\/www.caririemacao.com\/1\/wp-json\/wp\/v2\/tags?post=181110"}],"curies":[{"name":"wp","href":"https:\/\/api.w.org\/{rel}","templated":true}]}}