{"id":181115,"date":"2020-07-29T10:05:44","date_gmt":"2020-07-29T13:05:44","guid":{"rendered":"https:\/\/www.caririemacao.com\/1\/?p=181115"},"modified":"2020-07-29T10:05:44","modified_gmt":"2020-07-29T13:05:44","slug":"cabeleireira-leila-da-vida-real-fala-sobre-meme-de-salao-ficticio-vejo-como-uma-bencao","status":"publish","type":"post","link":"https:\/\/www.caririemacao.com\/1\/2020\/07\/29\/cabeleireira-leila-da-vida-real-fala-sobre-meme-de-salao-ficticio-vejo-como-uma-bencao\/","title":{"rendered":"Cabeleireira Leila da vida real fala sobre meme de sal\u00e3o fict\u00edcio: &#8216;Vejo como uma b\u00ean\u00e7\u00e3o&#8217;"},"content":{"rendered":"\n<p>\u201cCabeleileila Leila. Cabelos, unhas, hidrata\u00e7\u00e3o e unhas. Cabeleleila Leila. Venha fazer suas unhas e seus cabelos\u201d. Pronto, n\u00e3o tem mais volta: a propaganda do sal\u00e3o de beleza fict\u00edcio, o mais novo hit da web, j\u00e1 est\u00e1 na sua mente.<\/p>\n\n\n\n<p>O v\u00eddeo feito com fotos de arquivo foi\u00a0criado pelo humorista Eduardo Sterblitch\u00a0e veiculado nas lives do\u00a0\u201cSterblircth N\u00e3o Tem um Talk Show: o Talk Show\u201d, nas redes sociais. O que na internet \u00e9 fic\u00e7\u00e3o, h\u00e1 21 anos Leila de Paula Santos Ara\u00fajo \u00e9 a \u201cLeila Cabeleireira\u201d da vida real, em S\u00e3o Roque (SP).<\/p>\n\n\n\n<p>Aos 48 anos, a propriet\u00e1ria de um com\u00e9rcio familiar contou ao&nbsp;<strong>G1<\/strong>&nbsp;que h\u00e1 uma semana \u00e9 mencionada na internet ou recebe v\u00eddeos do meme todos os dias.<\/p>\n\n\n\n<p>\u201cSou meio caipirona e n\u00e3o tinha ideia do que estava acontecendo. Meus filhos me explicaram o que \u00e9 um meme e vejo como uma b\u00ean\u00e7\u00e3o. Em uma \u00e9poca que a gente est\u00e1 passando, de pandemia, e o pessoal est\u00e1 abalado, \u00e9 muito legal e a criatividade \u00e9 algo interessante\u201d, diz<\/p>\n\n\n\n<figure class=\"wp-block-image\"><img decoding=\"async\" data-src=\"https:\/\/s03.video.glbimg.com\/x240\/8733490.jpg\" alt=\"'Leila cabeleireira' de S\u00e3o Roque comenta meme de humorista\" title=\"'Leila cabeleireira' de S\u00e3o Roque comenta meme de humorista\" src=\"data:image\/svg+xml;base64,PHN2ZyB3aWR0aD0iMSIgaGVpZ2h0PSIxIiB4bWxucz0iaHR0cDovL3d3dy53My5vcmcvMjAwMC9zdmciPjwvc3ZnPg==\" class=\"lazyload\" \/><\/figure>\n\n\n\n<p>&#8216;Leila cabeleireira&#8217; de S\u00e3o Roque comenta meme de humorista<\/p>\n\n\n\n<p>Se na cria\u00e7\u00e3o de Sterblitch o estabelecimento \u00e9 gerenciado por Leila e seu sobrinho-neto Luiz Cl\u00e1udio, na fam\u00edlia da empres\u00e1ria de S\u00e3o Roque quase todos s\u00e3o do ramo da beleza e est\u00e9tica.<\/p>\n\n\n\n<p>\u201cJ\u00e1 chegamos a trabalhar em nove pessoas aqui no sal\u00e3o, mas hoje somos cinco. Tudo come\u00e7ou comigo e meus irm\u00e3os, e filhos embarcaram nessa tamb\u00e9m e se profissionalizaram\u201d, explica.<\/p>\n\n\n\n<p>O primeiro sal\u00e3o de Leila foi atr\u00e1s de casa. Contudo, o neg\u00f3cio deu t\u00e3o certo que os c\u00f4modos na parte da frente da resid\u00eancia tiveram que ser adaptados para que a fam\u00edlia trabalhasse.<\/p>\n\n\n\n<figure class=\"wp-block-image\"><img decoding=\"async\" data-src=\"https:\/\/s02.video.glbimg.com\/x240\/8733489.jpg\" alt=\"Propaganda de 'Leila Cabeleileila' faz sucesso na web\" title=\"Propaganda de 'Leila Cabeleileila' faz sucesso na web\" src=\"data:image\/svg+xml;base64,PHN2ZyB3aWR0aD0iMSIgaGVpZ2h0PSIxIiB4bWxucz0iaHR0cDovL3d3dy53My5vcmcvMjAwMC9zdmciPjwvc3ZnPg==\" class=\"lazyload\" \/><\/figure>\n\n\n\n<p>Propaganda de &#8216;Leila Cabeleileila&#8217; faz sucesso na web<\/p>\n\n\n\n<p>\u201cMeu filho \u00e9 barbeiro e a minha filha se formou em est\u00e9tica. Tenho tamb\u00e9m outros dois sobrinhos no Rio de Janeiro, que tamb\u00e9m s\u00e3o da \u00e1rea. \u00c9 um neg\u00f3cio em fam\u00edlia.\u201d<\/p>\n\n\n\n<p>Atualmente, o estabelecimento est\u00e1 fechado por conta da pandemia de Covid-19. No entanto, como todos da fam\u00edlia foram \u201ctreinados\u201d pela matriarca, ao menos o cabelo cortado e a unha feita n\u00e3o s\u00e3o problemas.<\/p>\n\n\n\n<blockquote class=\"wp-block-quote is-layout-flow wp-block-quote-is-layout-flow\"><p>\u201cAmo o que fa\u00e7o e, mesmo com tudo fechado, a Leila Cabeleireira existe\u201d, brinca.<\/p><p>COM G1<\/p><\/blockquote>\n","protected":false},"excerpt":{"rendered":"<p>\u201cCabeleileila Leila. Cabelos, unhas, hidrata\u00e7\u00e3o e unhas. Cabeleleila Leila. Venha fazer suas unhas e seus cabelos\u201d. Pronto, n\u00e3o tem mais volta: a propaganda do sal\u00e3o&hellip; <\/p>\n","protected":false},"author":1,"featured_media":181123,"comment_status":"closed","ping_status":"closed","sticky":false,"template":"","format":"standard","meta":{"sfsi_plus_gutenberg_text_before_share":"","sfsi_plus_gutenberg_show_text_before_share":"","sfsi_plus_gutenberg_icon_type":"","sfsi_plus_gutenberg_icon_alignemt":"","sfsi_plus_gutenburg_max_per_row":"","footnotes":""},"categories":[2],"tags":[],"class_list":["post-181115","post","type-post","status-publish","format-standard","has-post-thumbnail","hentry","category-geral"],"_links":{"self":[{"href":"https:\/\/www.caririemacao.com\/1\/wp-json\/wp\/v2\/posts\/181115","targetHints":{"allow":["GET"]}}],"collection":[{"href":"https:\/\/www.caririemacao.com\/1\/wp-json\/wp\/v2\/posts"}],"about":[{"href":"https:\/\/www.caririemacao.com\/1\/wp-json\/wp\/v2\/types\/post"}],"author":[{"embeddable":true,"href":"https:\/\/www.caririemacao.com\/1\/wp-json\/wp\/v2\/users\/1"}],"replies":[{"embeddable":true,"href":"https:\/\/www.caririemacao.com\/1\/wp-json\/wp\/v2\/comments?post=181115"}],"version-history":[{"count":1,"href":"https:\/\/www.caririemacao.com\/1\/wp-json\/wp\/v2\/posts\/181115\/revisions"}],"predecessor-version":[{"id":181124,"href":"https:\/\/www.caririemacao.com\/1\/wp-json\/wp\/v2\/posts\/181115\/revisions\/181124"}],"wp:featuredmedia":[{"embeddable":true,"href":"https:\/\/www.caririemacao.com\/1\/wp-json\/wp\/v2\/media\/181123"}],"wp:attachment":[{"href":"https:\/\/www.caririemacao.com\/1\/wp-json\/wp\/v2\/media?parent=181115"}],"wp:term":[{"taxonomy":"category","embeddable":true,"href":"https:\/\/www.caririemacao.com\/1\/wp-json\/wp\/v2\/categories?post=181115"},{"taxonomy":"post_tag","embeddable":true,"href":"https:\/\/www.caririemacao.com\/1\/wp-json\/wp\/v2\/tags?post=181115"}],"curies":[{"name":"wp","href":"https:\/\/api.w.org\/{rel}","templated":true}]}}