{"id":181119,"date":"2020-07-29T09:59:15","date_gmt":"2020-07-29T12:59:15","guid":{"rendered":"https:\/\/www.caririemacao.com\/1\/?p=181119"},"modified":"2020-07-29T09:59:15","modified_gmt":"2020-07-29T12:59:15","slug":"quero-rosas-brancas-enfeitando-meu-caixao-disse-tecnico-de-enfermagem-a-mae-antes-de-ser-entubado-e-morrer-de-covid-em-mt","status":"publish","type":"post","link":"https:\/\/www.caririemacao.com\/1\/2020\/07\/29\/quero-rosas-brancas-enfeitando-meu-caixao-disse-tecnico-de-enfermagem-a-mae-antes-de-ser-entubado-e-morrer-de-covid-em-mt\/","title":{"rendered":"&#8216;Quero rosas brancas enfeitando meu caix\u00e3o&#8217;, disse t\u00e9cnico de enfermagem \u00e0 m\u00e3e antes de ser entubado e morrer de Covid em MT"},"content":{"rendered":"\n<p>A m\u00e3e do t\u00e9cnico de enfermagem Klediston Kelps, de 22 anos,\u00a0que morreu com Covid-19 no \u00faltimo s\u00e1bado (25), disse que o filho j\u00e1 sabia que n\u00e3o resistiria \u00e0 intuba\u00e7\u00e3o e que ele se despediu da fam\u00edlia no dia em que foi para a UTI.<\/p>\n\n\n\n<p>Klediston deu entrada na Unidade de Pronto Atendimento (UPA) de Primavera do Leste, a 239 km de Cuiab\u00e1, no final de junho. O estado de sa\u00fade dele se agravou, e no dia 18 de julho o jovem foi transferido para a Unidade de Terapia Intensiva (UTI) de um hospital particular do munic\u00edpio, onde ficou sete dias internado. No s\u00e1bado (25) ele n\u00e3o resistiu e foi a \u00f3bito.<\/p>\n\n\n\n<p>A m\u00e3e de Klediston, Elis\u00e2ngela da Silva Faria, de 40 anos, conta que no dia em que seria intubado, o t\u00e9cnico de enfermagem mandou mensagem para a fam\u00edlia e para a m\u00e3e, dizendo que poderia n\u00e3o resistir.<\/p>\n\n\n\n<p>Na mensagem \u00e0 m\u00e3e, o jovem disse que, caso fosse a \u00f3bito, gostaria de ter flores brancas e uma vermelha no caix\u00e3o dele.<\/p>\n\n\n\n<figure class=\"wp-block-image\"><img decoding=\"async\" data-src=\"https:\/\/s2.glbimg.com\/rTAMzjQL1G9k0cn1wTcwneG_E-o=\/0x0:466x667\/984x0\/smart\/filters:strip_icc()\/i.s3.glbimg.com\/v1\/AUTH_59edd422c0c84a879bd37670ae4f538a\/internal_photos\/bs\/2020\/h\/A\/yor4GaRc6Nkflr8sZc8Q\/whatsapp-image-2020-07-28-at-19.51.06.jpeg\" alt=\"Em mensagem \u00e0 m\u00e3e, no dia em que foi entubado, Klediston falava o que queria antes de morrer  \u2014 Foto: Reprodu\u00e7\u00e3o\/Arquivo pessoal\" src=\"data:image\/svg+xml;base64,PHN2ZyB3aWR0aD0iMSIgaGVpZ2h0PSIxIiB4bWxucz0iaHR0cDovL3d3dy53My5vcmcvMjAwMC9zdmciPjwvc3ZnPg==\" class=\"lazyload\" \/><\/figure>\n\n\n\n<p>Em mensagem \u00e0 m\u00e3e, no dia em que foi entubado, Klediston falava o que queria antes de morrer \u2014 Foto: Reprodu\u00e7\u00e3o\/Arquivo pessoal<\/p>\n\n\n\n<p>Elis\u00e2ngela disse que ele tamb\u00e9m mandou um adeus no grupo da fam\u00edlia. A m\u00e3e lamentou a perda.<\/p>\n\n\n\n<blockquote class=\"wp-block-quote is-layout-flow wp-block-quote-is-layout-flow\"><p>&#8220;Eu perdi a coisa mais preciosa da minha vida. Ele era uma luz para mim e na hora em que ele morreu, antes mesmo de saber, eu senti meu filho indo embora&#8221;, conta.<\/p><\/blockquote>\n\n\n\n<p>Elis\u00e2ngela contou que n\u00e3o p\u00f4de realizar o desejo do filho, j\u00e1 que, por causa da doen\u00e7a, n\u00e3o houve vel\u00f3rio e o sepultamento foi feito com o caix\u00e3o lacrado.<\/p>\n\n\n\n<p>No entanto, a m\u00e3e levou as flores pedidas pelo filho at\u00e9 o local em que ele foi enterrado.<\/p>\n\n\n\n<p>Elis\u00e2ngela levou as rosas que o filho pediu no outro dia \u2014 Foto: Arquivo pessoal<\/p>\n\n\n\n<p>Klediston era t\u00e9cnico de enfermagem concursado em Primavera do Leste e cursava o \u00faltimo semestre de enfermagem no munic\u00edpio. Elis\u00e2ngela, que \u00e9 t\u00e9cnica de enfermagem do Samu, conta que o filho j\u00e1 tinha muitos planos e sonhos para a carreira dele.<\/p>\n\n\n\n<p>&#8220;Ele dizia que queria seguir meu passos e que por isso tinha escolhido a enfermagem. Mas tamb\u00e9m dizia que n\u00e3o queria parar por ali, sonhava em terminar o curso e se tornar enfermeiro e depois estudar ainda mais, at\u00e9 chegar ao doutorado. Meu filho era muito dedicado em tudo que fazia. Ele estudou muito para passar no concurso do local em que trabalhava. E estudava ainda mais&#8221;, relata.<\/p>\n\n\n\n<p>A m\u00e3e conta que, apesar de ter se mudado para Primavera do Leste para assumir a vaga do concurso, Klediston continuava mantendo contato com a m\u00e3e diariamente.<\/p>\n\n\n\n<blockquote class=\"wp-block-quote is-layout-flow wp-block-quote-is-layout-flow\"><p>&#8220;Meu filho era muito carinhoso. Sempre ligava, escrevia poesias, demonstrava o amor dele. No telefone tamb\u00e9m debatia assuntos comigo, tirava d\u00favidas sobre a \u00e1rea, sempre querendo saber mais e estudar mais&#8221;, diz.<\/p><\/blockquote>\n\n\n\n<figure class=\"wp-block-image\"><img decoding=\"async\" data-src=\"https:\/\/s2.glbimg.com\/1fBa7UwS8LEGNv8tk3kOg4aAYok=\/0x0:960x1280\/984x0\/smart\/filters:strip_icc()\/i.s3.glbimg.com\/v1\/AUTH_59edd422c0c84a879bd37670ae4f538a\/internal_photos\/bs\/2020\/D\/j\/I39cS3Q7asoQvmZM8GSw\/whatsapp-image-2020-07-28-at-19.32.59.jpeg\" alt=\"Kledson se formou em 2017 como t\u00e9cnico em enfermagem e atualmente cursava o \u00faltimo semestre no curso de enfermagem \u2014 Foto: Arquivo pessoal\" src=\"data:image\/svg+xml;base64,PHN2ZyB3aWR0aD0iMSIgaGVpZ2h0PSIxIiB4bWxucz0iaHR0cDovL3d3dy53My5vcmcvMjAwMC9zdmciPjwvc3ZnPg==\" class=\"lazyload\" \/><\/figure>\n\n\n\n<p>Kledson se formou em 2017 como t\u00e9cnico em enfermagem e atualmente cursava o \u00faltimo semestre no curso de enfermagem \u2014 Foto: Arquivo pessoal<\/p>\n\n\n\n<p>A fam\u00edlia do t\u00e9cnico em enfermagem acredita que ele foi contaminado pela Covid-19 durante os plant\u00f5es no trabalho. Klediston havia pegado dengue semanas antes. Por causa disso, o sistema imunol\u00f3gico j\u00e1 estava debilitado.<\/p>\n\n\n\n<p>Junto a isso, a m\u00e3e conta que a fam\u00edlia tem hist\u00f3rico de cardiopatia e que acredita que a comorbidade possa ter influenciado na recupera\u00e7\u00e3o.<\/p>\n\n\n\n<p>Os primeiros testes feitos no jovem deram negativo para Covid-19. Segundo Elis\u00e2ngela, quando Klediston foi diagnosticado, os sintomas j\u00e1 eram mais fortes.<\/p>\n\n\n\n<blockquote class=\"wp-block-quote is-layout-flow wp-block-quote-is-layout-flow\"><p>&#8220;Ele me mandava mensagem, estava sofrendo. As enfermeiras me falavam que ele rolava de dor&#8221;, lembra.<\/p><\/blockquote>\n\n\n\n<p>Apesar disso, a m\u00e3e conta que ainda tinha esperan\u00e7as e esperava pela sa\u00edda do filho, mas notou que nos \u00faltimos dias de vida, ele estava se sentindo mais cansado e sem for\u00e7as.<\/p>\n\n\n\n<p>A prefeitura lamentou a morte do jovem e disse que no trabalho ele era dedicado, atencioso e cuidadoso.<\/p>\n\n\n\n<p>O jovem atuava em um posto de sa\u00fade, fazia plant\u00f5es no setor de urg\u00eancia e emerg\u00eancia da Unidade de Pronto Atendimento (UPA).<\/p>\n\n\n\n<p>O resultado do exame que confirmou a morte por coronav\u00edrus saiu na segunda-feira (27).<\/p>\n\n\n\n<p>Mato Grosso j\u00e1 registrou, at\u00e9 essa segunda-feira (27), 46 mil casos de Covid-19 e 1.669 mortes em decorr\u00eancia da doen\u00e7a, segundo a Secretaria Estadual de Sa\u00fade.<\/p>\n\n\n\n<p>COM G1<\/p>\n","protected":false},"excerpt":{"rendered":"<p>A m\u00e3e do t\u00e9cnico de enfermagem Klediston Kelps, de 22 anos,\u00a0que morreu com Covid-19 no \u00faltimo s\u00e1bado (25), disse que o filho j\u00e1 sabia que&hellip; <\/p>\n","protected":false},"author":1,"featured_media":181121,"comment_status":"closed","ping_status":"closed","sticky":false,"template":"","format":"standard","meta":{"sfsi_plus_gutenberg_text_before_share":"","sfsi_plus_gutenberg_show_text_before_share":"","sfsi_plus_gutenberg_icon_type":"","sfsi_plus_gutenberg_icon_alignemt":"","sfsi_plus_gutenburg_max_per_row":"","footnotes":""},"categories":[2],"tags":[],"class_list":["post-181119","post","type-post","status-publish","format-standard","has-post-thumbnail","hentry","category-geral"],"_links":{"self":[{"href":"https:\/\/www.caririemacao.com\/1\/wp-json\/wp\/v2\/posts\/181119","targetHints":{"allow":["GET"]}}],"collection":[{"href":"https:\/\/www.caririemacao.com\/1\/wp-json\/wp\/v2\/posts"}],"about":[{"href":"https:\/\/www.caririemacao.com\/1\/wp-json\/wp\/v2\/types\/post"}],"author":[{"embeddable":true,"href":"https:\/\/www.caririemacao.com\/1\/wp-json\/wp\/v2\/users\/1"}],"replies":[{"embeddable":true,"href":"https:\/\/www.caririemacao.com\/1\/wp-json\/wp\/v2\/comments?post=181119"}],"version-history":[{"count":1,"href":"https:\/\/www.caririemacao.com\/1\/wp-json\/wp\/v2\/posts\/181119\/revisions"}],"predecessor-version":[{"id":181122,"href":"https:\/\/www.caririemacao.com\/1\/wp-json\/wp\/v2\/posts\/181119\/revisions\/181122"}],"wp:featuredmedia":[{"embeddable":true,"href":"https:\/\/www.caririemacao.com\/1\/wp-json\/wp\/v2\/media\/181121"}],"wp:attachment":[{"href":"https:\/\/www.caririemacao.com\/1\/wp-json\/wp\/v2\/media?parent=181119"}],"wp:term":[{"taxonomy":"category","embeddable":true,"href":"https:\/\/www.caririemacao.com\/1\/wp-json\/wp\/v2\/categories?post=181119"},{"taxonomy":"post_tag","embeddable":true,"href":"https:\/\/www.caririemacao.com\/1\/wp-json\/wp\/v2\/tags?post=181119"}],"curies":[{"name":"wp","href":"https:\/\/api.w.org\/{rel}","templated":true}]}}