{"id":181125,"date":"2020-07-29T10:17:09","date_gmt":"2020-07-29T13:17:09","guid":{"rendered":"https:\/\/www.caririemacao.com\/1\/?p=181125"},"modified":"2020-07-29T10:17:09","modified_gmt":"2020-07-29T13:17:09","slug":"prefeitura-de-amparo-inicia-programa-de-recuperacao-das-estradas-vicinais","status":"publish","type":"post","link":"https:\/\/www.caririemacao.com\/1\/2020\/07\/29\/prefeitura-de-amparo-inicia-programa-de-recuperacao-das-estradas-vicinais\/","title":{"rendered":"Prefeitura de Amparo inicia Programa de Recupera\u00e7\u00e3o das Estradas Vicinais"},"content":{"rendered":"\n<p><a href=\"https:\/\/1.bp.blogspot.com\/-onZ2-J_Xcu4\/XyC9HI244OI\/AAAAAAABQQw\/kCTvguTaxTgr1hq_5lnCfhhZ9sF0viC9QCLcBGAsYHQ\/s1600\/programarecupera%25C3%25A7%25C3%25A3odeestradas.jpg\"><\/a>Na tarde desta segunda-feira (27), o departamento de m\u00e1quinas do PAC, ligado \u00e0 secretaria municipal de agricultura, deu in\u00edcio ao Programa de Recupera\u00e7\u00e3o das Estradas Vicinais na \u00e1rea rural do munic\u00edpio. A a\u00e7\u00e3o foi noticiada no programa institucional da prefeitura na \u00faltima sexta-feira (24) atrav\u00e9s da R\u00e1dio 95.7FM.<\/p>\n\n\n\n<p><br>&#8220;Demos in\u00edcio e j\u00e1 conclu\u00edmos a regi\u00e3o de Cacimba de Baixo, nesta ter\u00e7a-feira (28) seguimos em dire\u00e7\u00e3o \u00e0 localidade de Serrote Agudo&#8221;, afirmou o coordenador Severino do Ramo (Biu de Paulo).<\/p>\n\n\n\n<p><a href=\"https:\/\/1.bp.blogspot.com\/-92YUen362Es\/XyC9YEJ7cqI\/AAAAAAABQRA\/n_SmdpUH83oEzYCNAJ1LW2u7ugZduJirQCLcBGAsYHQ\/s1600\/50cb4168-bca8-4064-ada4-44bb1d3feb55.jpg\"><\/a><\/p>\n\n\n\n<figure class=\"wp-block-image\"><img decoding=\"async\" data-src=\"https:\/\/1.bp.blogspot.com\/-CCrtiuFoAj0\/XyC9YFqHiyI\/AAAAAAABQQ8\/icRcSW9G7v8WTcs3PrZK6DtdSy0031yUgCLcBGAsYHQ\/s640\/54c818a9-7a55-4058-a90b-88196632822e.jpg\" alt=\"\" src=\"data:image\/svg+xml;base64,PHN2ZyB3aWR0aD0iMSIgaGVpZ2h0PSIxIiB4bWxucz0iaHR0cDovL3d3dy53My5vcmcvMjAwMC9zdmciPjwvc3ZnPg==\" class=\"lazyload\" \/><\/figure>\n\n\n\n<p><a href=\"https:\/\/1.bp.blogspot.com\/-CCrtiuFoAj0\/XyC9YFqHiyI\/AAAAAAABQQ8\/icRcSW9G7v8WTcs3PrZK6DtdSy0031yUgCLcBGAsYHQ\/s1600\/54c818a9-7a55-4058-a90b-88196632822e.jpg\"><\/a><\/p>\n\n\n\n<figure class=\"wp-block-image\"><img decoding=\"async\" data-src=\"https:\/\/1.bp.blogspot.com\/-Fcyi0iaErDA\/XyC9bOFWLnI\/AAAAAAABQRE\/ax0gFu1VngQDkd15I32U8LTv3BKqmcvywCLcBGAsYHQ\/s640\/65bbc269-6c51-4678-bd72-db5c5be4fe4a.jpg\" alt=\"\" src=\"data:image\/svg+xml;base64,PHN2ZyB3aWR0aD0iMSIgaGVpZ2h0PSIxIiB4bWxucz0iaHR0cDovL3d3dy53My5vcmcvMjAwMC9zdmciPjwvc3ZnPg==\" class=\"lazyload\" \/><\/figure>\n\n\n\n<p>Ascom<a href=\"https:\/\/1.bp.blogspot.com\/-Fcyi0iaErDA\/XyC9bOFWLnI\/AAAAAAABQRE\/ax0gFu1VngQDkd15I32U8LTv3BKqmcvywCLcBGAsYHQ\/s1600\/65bbc269-6c51-4678-bd72-db5c5be4fe4a.jpg\"><\/a><\/p>\n","protected":false},"excerpt":{"rendered":"<p>Na tarde desta segunda-feira (27), o departamento de m\u00e1quinas do PAC, ligado \u00e0 secretaria municipal de agricultura, deu in\u00edcio ao Programa de Recupera\u00e7\u00e3o das Estradas&hellip; <\/p>\n","protected":false},"author":1,"featured_media":181128,"comment_status":"closed","ping_status":"closed","sticky":false,"template":"","format":"standard","meta":{"sfsi_plus_gutenberg_text_before_share":"","sfsi_plus_gutenberg_show_text_before_share":"","sfsi_plus_gutenberg_icon_type":"","sfsi_plus_gutenberg_icon_alignemt":"","sfsi_plus_gutenburg_max_per_row":"","footnotes":""},"categories":[6,50],"tags":[],"class_list":["post-181125","post","type-post","status-publish","format-standard","has-post-thumbnail","hentry","category-cidades","category-destaque"],"_links":{"self":[{"href":"https:\/\/www.caririemacao.com\/1\/wp-json\/wp\/v2\/posts\/181125","targetHints":{"allow":["GET"]}}],"collection":[{"href":"https:\/\/www.caririemacao.com\/1\/wp-json\/wp\/v2\/posts"}],"about":[{"href":"https:\/\/www.caririemacao.com\/1\/wp-json\/wp\/v2\/types\/post"}],"author":[{"embeddable":true,"href":"https:\/\/www.caririemacao.com\/1\/wp-json\/wp\/v2\/users\/1"}],"replies":[{"embeddable":true,"href":"https:\/\/www.caririemacao.com\/1\/wp-json\/wp\/v2\/comments?post=181125"}],"version-history":[{"count":1,"href":"https:\/\/www.caririemacao.com\/1\/wp-json\/wp\/v2\/posts\/181125\/revisions"}],"predecessor-version":[{"id":181129,"href":"https:\/\/www.caririemacao.com\/1\/wp-json\/wp\/v2\/posts\/181125\/revisions\/181129"}],"wp:featuredmedia":[{"embeddable":true,"href":"https:\/\/www.caririemacao.com\/1\/wp-json\/wp\/v2\/media\/181128"}],"wp:attachment":[{"href":"https:\/\/www.caririemacao.com\/1\/wp-json\/wp\/v2\/media?parent=181125"}],"wp:term":[{"taxonomy":"category","embeddable":true,"href":"https:\/\/www.caririemacao.com\/1\/wp-json\/wp\/v2\/categories?post=181125"},{"taxonomy":"post_tag","embeddable":true,"href":"https:\/\/www.caririemacao.com\/1\/wp-json\/wp\/v2\/tags?post=181125"}],"curies":[{"name":"wp","href":"https:\/\/api.w.org\/{rel}","templated":true}]}}