{"id":181127,"date":"2020-07-29T10:33:21","date_gmt":"2020-07-29T13:33:21","guid":{"rendered":"https:\/\/www.caririemacao.com\/1\/?p=181127"},"modified":"2020-07-29T10:33:21","modified_gmt":"2020-07-29T13:33:21","slug":"mulher-reage-a-tentativa-de-estupro-e-e-esfaqueada-na-orelha-em-joao-pessoa","status":"publish","type":"post","link":"https:\/\/www.caririemacao.com\/1\/2020\/07\/29\/mulher-reage-a-tentativa-de-estupro-e-e-esfaqueada-na-orelha-em-joao-pessoa\/","title":{"rendered":"Mulher reage a tentativa de estupro e \u00e9 esfaqueada na orelha, em Jo\u00e3o Pessoa"},"content":{"rendered":"\n<p>Uma mulher ficou ferida ap\u00f3s ser esfaqueada na orelha, na manh\u00e3 desta quarta-feira (29), em Jo\u00e3o Pessoa. De acordo com informa\u00e7\u00f5es da Pol\u00edcia Militar, ela teria recusado ter rela\u00e7\u00f5es sexuais com um homem.<\/p>\n\n\n\n<p>Ainda conforme a PM, a mulher \u00e9 uma moradora de rua e estava caminhando no bairro da Penha quando foi abordada pelo homem. Ap\u00f3s se recusar a ter rela\u00e7\u00f5es sexuais com ele, ela foi atingida com uma faca na orelha.<\/p>\n\n\n\n<p>A mulher foi encaminhada ao Hospital de Emerg\u00eancia e Trauma de Jo\u00e3o Pessoa. De acordo com a assessoria de imprensa da unidade, o estado de sa\u00fade dela \u00e9 considerado est\u00e1vel.<\/p>\n\n\n\n<p>COM G1<\/p>\n","protected":false},"excerpt":{"rendered":"<p>Uma mulher ficou ferida ap\u00f3s ser esfaqueada na orelha, na manh\u00e3 desta quarta-feira (29), em Jo\u00e3o Pessoa. De acordo com informa\u00e7\u00f5es da Pol\u00edcia Militar, ela&hellip; <\/p>\n","protected":false},"author":1,"featured_media":181133,"comment_status":"closed","ping_status":"closed","sticky":false,"template":"","format":"standard","meta":{"sfsi_plus_gutenberg_text_before_share":"","sfsi_plus_gutenberg_show_text_before_share":"","sfsi_plus_gutenberg_icon_type":"","sfsi_plus_gutenberg_icon_alignemt":"","sfsi_plus_gutenburg_max_per_row":"","footnotes":""},"categories":[2,12],"tags":[],"class_list":["post-181127","post","type-post","status-publish","format-standard","has-post-thumbnail","hentry","category-geral","category-policia"],"_links":{"self":[{"href":"https:\/\/www.caririemacao.com\/1\/wp-json\/wp\/v2\/posts\/181127","targetHints":{"allow":["GET"]}}],"collection":[{"href":"https:\/\/www.caririemacao.com\/1\/wp-json\/wp\/v2\/posts"}],"about":[{"href":"https:\/\/www.caririemacao.com\/1\/wp-json\/wp\/v2\/types\/post"}],"author":[{"embeddable":true,"href":"https:\/\/www.caririemacao.com\/1\/wp-json\/wp\/v2\/users\/1"}],"replies":[{"embeddable":true,"href":"https:\/\/www.caririemacao.com\/1\/wp-json\/wp\/v2\/comments?post=181127"}],"version-history":[{"count":1,"href":"https:\/\/www.caririemacao.com\/1\/wp-json\/wp\/v2\/posts\/181127\/revisions"}],"predecessor-version":[{"id":181134,"href":"https:\/\/www.caririemacao.com\/1\/wp-json\/wp\/v2\/posts\/181127\/revisions\/181134"}],"wp:featuredmedia":[{"embeddable":true,"href":"https:\/\/www.caririemacao.com\/1\/wp-json\/wp\/v2\/media\/181133"}],"wp:attachment":[{"href":"https:\/\/www.caririemacao.com\/1\/wp-json\/wp\/v2\/media?parent=181127"}],"wp:term":[{"taxonomy":"category","embeddable":true,"href":"https:\/\/www.caririemacao.com\/1\/wp-json\/wp\/v2\/categories?post=181127"},{"taxonomy":"post_tag","embeddable":true,"href":"https:\/\/www.caririemacao.com\/1\/wp-json\/wp\/v2\/tags?post=181127"}],"curies":[{"name":"wp","href":"https:\/\/api.w.org\/{rel}","templated":true}]}}