{"id":181135,"date":"2020-07-29T11:04:55","date_gmt":"2020-07-29T14:04:55","guid":{"rendered":"https:\/\/www.caririemacao.com\/1\/?p=181135"},"modified":"2020-07-29T11:04:55","modified_gmt":"2020-07-29T14:04:55","slug":"felinos-da-especie-gato-do-mato-sao-resgatados-no-conde-na-paraiba","status":"publish","type":"post","link":"https:\/\/www.caririemacao.com\/1\/2020\/07\/29\/felinos-da-especie-gato-do-mato-sao-resgatados-no-conde-na-paraiba\/","title":{"rendered":"Felinos da esp\u00e9cie gato-do-mato s\u00e3o resgatados no Conde, na Para\u00edba"},"content":{"rendered":"\n<p>Foram resgatados nesta ter\u00e7a-feira (28), no munic\u00edpio do Conde, Litoral Sul da Para\u00edba, dois felinos da esp\u00e9cie gato-do-mato (Leopardus-tigrinus). O resgate foi feito pelo Batalh\u00e3o de Pol\u00edcia Ambiental. A esp\u00e9cie \u00e9 classificada pela Uni\u00e3o Internacional para Conserva\u00e7\u00e3o da Natureza (IUCN) como esp\u00e9cie vulner\u00e1vel e pelo Ibama, como amea\u00e7ado de extin\u00e7\u00e3o.<\/p>\n\n\n\n<p>Os felinos se alimentam de pequenos roedores, pequenas aves e alguns lagartos. Eles estavam circulando na cidade, uma pessoa viu e avisou \u00e0 Pol\u00edcia Ambiental, sendo realizado o resgate.<\/p>\n\n\n\n<p>Os animais est\u00e3o, neste momento, na sede do Batalh\u00e3o Ambiental e ser\u00e3o levados, em seguida, para o logo mais para o Centro de Triagem de Animais Silvestres (Cetas), em Cabedelo, na Grande Jo\u00e3o Pessoa.<\/p>\n\n\n\n<figure class=\"wp-block-image\"><img decoding=\"async\" data-src=\"https:\/\/s2.glbimg.com\/eHZrxqhZRMHz38iZxbUkFGyBMmo=\/0x0:584x665\/984x0\/smart\/filters:strip_icc()\/i.s3.glbimg.com\/v1\/AUTH_59edd422c0c84a879bd37670ae4f538a\/internal_photos\/bs\/2020\/e\/4\/r7Uv85S1OH727RubXn5g\/felinos-resgatados.jpeg\" alt=\"Felinos da esp\u00e9cie gato-do-mato foram resgatados no Conde, Litoral Sul da Para\u00edba \u2014 Foto: Divulga\u00e7\u00e3o\/Pol\u00edcia Ambiental da Para\u00edba\" src=\"data:image\/svg+xml;base64,PHN2ZyB3aWR0aD0iMSIgaGVpZ2h0PSIxIiB4bWxucz0iaHR0cDovL3d3dy53My5vcmcvMjAwMC9zdmciPjwvc3ZnPg==\" class=\"lazyload\" \/><\/figure>\n\n\n\n<p>Felinos da esp\u00e9cie gato-do-mato foram resgatados no Conde, Litoral Sul da Para\u00edba \u2014 Foto: Divulga\u00e7\u00e3o\/Pol\u00edcia Ambiental da Para\u00edba<\/p>\n\n\n\n<p>COM G1<\/p>\n","protected":false},"excerpt":{"rendered":"<p>Foram resgatados nesta ter\u00e7a-feira (28), no munic\u00edpio do Conde, Litoral Sul da Para\u00edba, dois felinos da esp\u00e9cie gato-do-mato (Leopardus-tigrinus). O resgate foi feito pelo Batalh\u00e3o&hellip; <\/p>\n","protected":false},"author":1,"featured_media":181153,"comment_status":"closed","ping_status":"closed","sticky":false,"template":"","format":"standard","meta":{"sfsi_plus_gutenberg_text_before_share":"","sfsi_plus_gutenberg_show_text_before_share":"","sfsi_plus_gutenberg_icon_type":"","sfsi_plus_gutenberg_icon_alignemt":"","sfsi_plus_gutenburg_max_per_row":"","footnotes":""},"categories":[6],"tags":[],"class_list":["post-181135","post","type-post","status-publish","format-standard","has-post-thumbnail","hentry","category-cidades"],"_links":{"self":[{"href":"https:\/\/www.caririemacao.com\/1\/wp-json\/wp\/v2\/posts\/181135","targetHints":{"allow":["GET"]}}],"collection":[{"href":"https:\/\/www.caririemacao.com\/1\/wp-json\/wp\/v2\/posts"}],"about":[{"href":"https:\/\/www.caririemacao.com\/1\/wp-json\/wp\/v2\/types\/post"}],"author":[{"embeddable":true,"href":"https:\/\/www.caririemacao.com\/1\/wp-json\/wp\/v2\/users\/1"}],"replies":[{"embeddable":true,"href":"https:\/\/www.caririemacao.com\/1\/wp-json\/wp\/v2\/comments?post=181135"}],"version-history":[{"count":1,"href":"https:\/\/www.caririemacao.com\/1\/wp-json\/wp\/v2\/posts\/181135\/revisions"}],"predecessor-version":[{"id":181154,"href":"https:\/\/www.caririemacao.com\/1\/wp-json\/wp\/v2\/posts\/181135\/revisions\/181154"}],"wp:featuredmedia":[{"embeddable":true,"href":"https:\/\/www.caririemacao.com\/1\/wp-json\/wp\/v2\/media\/181153"}],"wp:attachment":[{"href":"https:\/\/www.caririemacao.com\/1\/wp-json\/wp\/v2\/media?parent=181135"}],"wp:term":[{"taxonomy":"category","embeddable":true,"href":"https:\/\/www.caririemacao.com\/1\/wp-json\/wp\/v2\/categories?post=181135"},{"taxonomy":"post_tag","embeddable":true,"href":"https:\/\/www.caririemacao.com\/1\/wp-json\/wp\/v2\/tags?post=181135"}],"curies":[{"name":"wp","href":"https:\/\/api.w.org\/{rel}","templated":true}]}}