{"id":181136,"date":"2020-07-29T11:07:35","date_gmt":"2020-07-29T14:07:35","guid":{"rendered":"https:\/\/www.caririemacao.com\/1\/?p=181136"},"modified":"2020-07-29T11:07:35","modified_gmt":"2020-07-29T14:07:35","slug":"adolescente-de-16-anos-morre-apos-acidente-de-moto-em-boqueirao-na-paraiba","status":"publish","type":"post","link":"https:\/\/www.caririemacao.com\/1\/2020\/07\/29\/adolescente-de-16-anos-morre-apos-acidente-de-moto-em-boqueirao-na-paraiba\/","title":{"rendered":"Adolescente de 16 anos morre ap\u00f3s acidente de moto, em Boqueir\u00e3o, na Para\u00edba"},"content":{"rendered":"\n<p>Um adolescente de 16 anos morreu ap\u00f3s um acidente de moto na noite de ter\u00e7a-feira (28), em um trecho da rodovia estadual que liga o munic\u00edpio de Boqueir\u00e3o ao munic\u00edpio de Queimadas, no Agreste da Para\u00edba.<\/p>\n\n\n\n<p>De acordo com a Pol\u00edcia Miliar, o jovem estaria participando de um \u201cracha\u201d, que \u00e9 uma corrida com v\u00e1rios motociclistas, quando o acidente aconteceu.<\/p>\n\n\n\n<p>Conforme a PM, a v\u00edtima colidiu em um carro que pertence \u00e0 Prefeitura de Cabaceiras, no Cariri paraibano, e depois tamb\u00e9m teria batido em um caminh\u00e3o.<\/p>\n\n\n\n<p>O adolescente n\u00e3o resistiu aos ferimentos e morreu no local do acidente. Ainda segundo a pol\u00edcia, a pr\u00e1tica desses rachas \u00e9 comum no munic\u00edpio.<\/p>\n\n\n\n<figure class=\"wp-block-image\"><img decoding=\"async\" data-src=\"https:\/\/s2.glbimg.com\/clNyED-RLmvev_Y_CdEWJTXNgMU=\/0x0:1156x651\/984x0\/smart\/filters:strip_icc()\/i.s3.glbimg.com\/v1\/AUTH_59edd422c0c84a879bd37670ae4f538a\/internal_photos\/bs\/2020\/T\/K\/WoyzKMSGSJcYJypCy90A\/whatsapp-image-2020-07-29-at-08.14.05-1-.jpeg\" alt=\"Adolescente de 16 anos morre ap\u00f3s acidente de moto, em Boqueir\u00e3o, na Para\u00edba \u2014 Foto: Divulga\u00e7\u00e3o\/Pol\u00edcia Militar\" src=\"data:image\/svg+xml;base64,PHN2ZyB3aWR0aD0iMSIgaGVpZ2h0PSIxIiB4bWxucz0iaHR0cDovL3d3dy53My5vcmcvMjAwMC9zdmciPjwvc3ZnPg==\" class=\"lazyload\" \/><\/figure>\n\n\n\n<p>Adolescente de 16 anos morre ap\u00f3s acidente de moto, em Boqueir\u00e3o, na Para\u00edba \u2014 Foto: Divulga\u00e7\u00e3o\/Pol\u00edcia Militar<\/p>\n","protected":false},"excerpt":{"rendered":"<p>Um adolescente de 16 anos morreu ap\u00f3s um acidente de moto na noite de ter\u00e7a-feira (28), em um trecho da rodovia estadual que liga o&hellip; <\/p>\n","protected":false},"author":1,"featured_media":181155,"comment_status":"closed","ping_status":"closed","sticky":false,"template":"","format":"standard","meta":{"sfsi_plus_gutenberg_text_before_share":"","sfsi_plus_gutenberg_show_text_before_share":"","sfsi_plus_gutenberg_icon_type":"","sfsi_plus_gutenberg_icon_alignemt":"","sfsi_plus_gutenburg_max_per_row":"","footnotes":""},"categories":[2],"tags":[],"class_list":["post-181136","post","type-post","status-publish","format-standard","has-post-thumbnail","hentry","category-geral"],"_links":{"self":[{"href":"https:\/\/www.caririemacao.com\/1\/wp-json\/wp\/v2\/posts\/181136","targetHints":{"allow":["GET"]}}],"collection":[{"href":"https:\/\/www.caririemacao.com\/1\/wp-json\/wp\/v2\/posts"}],"about":[{"href":"https:\/\/www.caririemacao.com\/1\/wp-json\/wp\/v2\/types\/post"}],"author":[{"embeddable":true,"href":"https:\/\/www.caririemacao.com\/1\/wp-json\/wp\/v2\/users\/1"}],"replies":[{"embeddable":true,"href":"https:\/\/www.caririemacao.com\/1\/wp-json\/wp\/v2\/comments?post=181136"}],"version-history":[{"count":1,"href":"https:\/\/www.caririemacao.com\/1\/wp-json\/wp\/v2\/posts\/181136\/revisions"}],"predecessor-version":[{"id":181156,"href":"https:\/\/www.caririemacao.com\/1\/wp-json\/wp\/v2\/posts\/181136\/revisions\/181156"}],"wp:featuredmedia":[{"embeddable":true,"href":"https:\/\/www.caririemacao.com\/1\/wp-json\/wp\/v2\/media\/181155"}],"wp:attachment":[{"href":"https:\/\/www.caririemacao.com\/1\/wp-json\/wp\/v2\/media?parent=181136"}],"wp:term":[{"taxonomy":"category","embeddable":true,"href":"https:\/\/www.caririemacao.com\/1\/wp-json\/wp\/v2\/categories?post=181136"},{"taxonomy":"post_tag","embeddable":true,"href":"https:\/\/www.caririemacao.com\/1\/wp-json\/wp\/v2\/tags?post=181136"}],"curies":[{"name":"wp","href":"https:\/\/api.w.org\/{rel}","templated":true}]}}