{"id":181139,"date":"2020-07-29T10:43:08","date_gmt":"2020-07-29T13:43:08","guid":{"rendered":"https:\/\/www.caririemacao.com\/1\/?p=181139"},"modified":"2020-07-29T11:40:37","modified_gmt":"2020-07-29T14:40:37","slug":"prefeitura-de-sao-jose-dos-cordeiros-instala-sistema-de-irrigacao-em-escola-da-comunidade-simao-lopes-veja-o-video","status":"publish","type":"post","link":"https:\/\/www.caririemacao.com\/1\/2020\/07\/29\/prefeitura-de-sao-jose-dos-cordeiros-instala-sistema-de-irrigacao-em-escola-da-comunidade-simao-lopes-veja-o-video\/","title":{"rendered":"Prefeitura de S\u00e3o Jos\u00e9 dos Cordeiros instala sistema de irriga\u00e7\u00e3o em escola da comunidade Sim\u00e3o Lopes, veja o v\u00eddeo"},"content":{"rendered":"\n<p>A Prefeitura de S\u00e3o Jos\u00e9 dos Cordeiros atrav\u00e9s do Secret\u00e1rio de Agricultura Dayvison Romeryto, instalou um sistema de irriga\u00e7\u00e3o na escola rural da Comunidade Sim\u00e3o Lopes. <\/p>\n\n\n\n<p>Foram plantadas 150 plantas (caibreiras, ip\u00ea e aroeira) em parceria com a UFCG\/CDSA atrav\u00e9s da professora Alecksandra Vieira. Em breve a prefeitura estar\u00e1 entregando oficialmente a escola.<\/p>\n\n\n\n<p>Veja o v\u00eddeo:<\/p>\n\n\n\n<figure class=\"wp-block-video\"><video height=\"640\" style=\"aspect-ratio: 640 \/ 640;\" width=\"640\" controls src=\"https:\/\/www.caririemacao.com\/1\/wp-content\/uploads\/2020\/07\/jefferson2456_20200729_0.mp4\"><\/video><\/figure>\n\n\n\n<p>Cariri em A\u00e7\u00e3o <\/p>\n","protected":false},"excerpt":{"rendered":"<p>A Prefeitura de S\u00e3o Jos\u00e9 dos Cordeiros atrav\u00e9s do Secret\u00e1rio de Agricultura Dayvison Romeryto, instalou um sistema de irriga\u00e7\u00e3o na escola rural da Comunidade Sim\u00e3o&hellip; <\/p>\n","protected":false},"author":1,"featured_media":181141,"comment_status":"closed","ping_status":"closed","sticky":false,"template":"","format":"standard","meta":{"sfsi_plus_gutenberg_text_before_share":"","sfsi_plus_gutenberg_show_text_before_share":"","sfsi_plus_gutenberg_icon_type":"","sfsi_plus_gutenberg_icon_alignemt":"","sfsi_plus_gutenburg_max_per_row":"","footnotes":""},"categories":[6],"tags":[],"class_list":["post-181139","post","type-post","status-publish","format-standard","has-post-thumbnail","hentry","category-cidades"],"_links":{"self":[{"href":"https:\/\/www.caririemacao.com\/1\/wp-json\/wp\/v2\/posts\/181139","targetHints":{"allow":["GET"]}}],"collection":[{"href":"https:\/\/www.caririemacao.com\/1\/wp-json\/wp\/v2\/posts"}],"about":[{"href":"https:\/\/www.caririemacao.com\/1\/wp-json\/wp\/v2\/types\/post"}],"author":[{"embeddable":true,"href":"https:\/\/www.caririemacao.com\/1\/wp-json\/wp\/v2\/users\/1"}],"replies":[{"embeddable":true,"href":"https:\/\/www.caririemacao.com\/1\/wp-json\/wp\/v2\/comments?post=181139"}],"version-history":[{"count":2,"href":"https:\/\/www.caririemacao.com\/1\/wp-json\/wp\/v2\/posts\/181139\/revisions"}],"predecessor-version":[{"id":181171,"href":"https:\/\/www.caririemacao.com\/1\/wp-json\/wp\/v2\/posts\/181139\/revisions\/181171"}],"wp:featuredmedia":[{"embeddable":true,"href":"https:\/\/www.caririemacao.com\/1\/wp-json\/wp\/v2\/media\/181141"}],"wp:attachment":[{"href":"https:\/\/www.caririemacao.com\/1\/wp-json\/wp\/v2\/media?parent=181139"}],"wp:term":[{"taxonomy":"category","embeddable":true,"href":"https:\/\/www.caririemacao.com\/1\/wp-json\/wp\/v2\/categories?post=181139"},{"taxonomy":"post_tag","embeddable":true,"href":"https:\/\/www.caririemacao.com\/1\/wp-json\/wp\/v2\/tags?post=181139"}],"curies":[{"name":"wp","href":"https:\/\/api.w.org\/{rel}","templated":true}]}}